{"id":580,"date":"2011-12-02T00:10:55","date_gmt":"2011-12-02T00:10:55","guid":{"rendered":"http:\/\/www.encontraaricanduva.com.br\/noticias\/?p=580"},"modified":"2013-08-12T18:33:47","modified_gmt":"2013-08-12T18:33:47","slug":"aricanduva-entra-em-estado-de-atencao-%e2%80%8e","status":"publish","type":"post","link":"https:\/\/www.encontraaricanduva.com.br\/sobre\/aricanduva-entra-em-estado-de-atencao-%e2%80%8e\/","title":{"rendered":"Aricanduva entra em estado de aten\u00e7\u00e3o \u200e"},"content":{"rendered":"<div class=\"0761f6a77d7312e6c166bb5f335a15c5\" data-index=\"1\" style=\"float: left; margin: 15px 15px 15px 0;\">\n<!-- EBR \/Novo-Bairro\/ 300x250 - pub-85 -->\r\n<ins class=\"adsbygoogle\"\r\n     style=\"display:inline-block;width:300px;height:250px\"\r\n     data-ad-client=\"ca-pub-8585364105181520\"\r\n     data-ad-slot=\"4691134188\"><\/ins>\r\n<script>\r\n(adsbygoogle = window.adsbygoogle || []).push({});\r\n<\/script>\r\n\n<\/div>\n<p>A forte chuva que atingiu a cidade de S\u00e3o Paulo nesta quinta-feira colocou todas as regi\u00f5es, al\u00e9m da marginal Pinheiros e marginal Tiet\u00ea em estado de aten\u00e7\u00e3o. De acordo com o CGE (Centro de Gerenciamento de Emerg\u00eancia), o estado de aten\u00e7\u00e3o foi registrado por volta das 15h30.<\/p>\n<p>Depois das 16h30, as chuvas diminu\u00edram em boa parte da capital paulista.\u00a0Entretanto, imagens de radar apontam chuvas muito fortes na zona leste, principalmente nos bairros de Penha, Ermelino Matarazzo, Mooca, bairro Aricanduva, Vila Formosa, Guaianazes, Cidade Tiradentes, bairro Itaim Paulista e bairro de Itaquera.<\/p>\n<p>Na Grande S\u00e3o Paulo, a precipita\u00e7\u00e3o \u00e9 intensa em Franco da Rocha, Caieiras, Ferraz de Vasconcelos, Po\u00e1, Suzano e parte de Mogi das Cruzes.<\/p>\n<p>Conforme informa\u00e7\u00f5es de moradores, foi observada queda de granizo na regi\u00e3o da Avenida Paulista e da Rua da Consola\u00e7\u00e3o por volta das 15h30, e em S\u00e3o Miguel Paulista \u00e0s 16h10.<\/p>\n<p>Segundo os meteorologistas do CGE, as \u00e1reas de chuva devem se deslocar rapidamente, seguindo para os munic\u00edpios do Vale do Para\u00edba e litoral norte do Estado.<\/p>\n<p><em>Fonte: BandNews<\/em><\/p>\n\n<div style=\"font-size: 0px; height: 0px; line-height: 0px; margin: 0; padding: 0; clear: both;\"><\/div>","protected":false},"excerpt":{"rendered":"<p>A forte chuva que atingiu a cidade de S\u00e3o Paulo nesta quinta-feira colocou todas as regi\u00f5es, al\u00e9m da marginal Pinheiros e marginal Tiet\u00ea em estado de aten\u00e7\u00e3o. De acordo com o CGE (Centro de Gerenciamento de Emerg\u00eancia), o estado de aten\u00e7\u00e3o foi registrado por volta das 15h30. Depois das 16h30, as chuvas diminu\u00edram em boa parte da capital paulista.\u00a0Entretanto, imagens de radar apontam chuvas muito fortes na zona leste, principalmente nos bairros de Penha, Ermelino Matarazzo, Mooca, bairro Aricanduva, Vila Formosa, Guaianazes, Cidade Tiradentes, bairro Itaim Paulista e bairro de Itaquera. Na Grande S\u00e3o Paulo, a precipita\u00e7\u00e3o \u00e9 intensa em <\/p>\n","protected":false},"author":1,"featured_media":0,"comment_status":"open","ping_status":"open","sticky":false,"template":"","format":"standard","meta":{"footnotes":""},"categories":[9],"tags":[],"class_list":["post-580","post","type-post","status-publish","format-standard","hentry","category-noticias-no-aricanduva"],"aioseo_notices":[],"aioseo_head":"\n\t\t<!-- All in One SEO 5.0.0.1 - aioseo.com -->\n\t<meta name=\"description\" content=\"A forte chuva que atingiu a cidade de S\u00e3o Paulo nesta quinta-feira colocou todas as regi\u00f5es, al\u00e9m da marginal Pinheiros e marginal Tiet\u00ea em estado de aten\u00e7\u00e3o. De acordo com o CGE (Centro de Gerenciamento de Emerg\u00eancia), o estado de aten\u00e7\u00e3o foi registrado por volta das 15h30. Depois das 16h30, as chuvas diminu\u00edram em boa\" \/>\n\t<meta name=\"robots\" content=\"max-image-preview:large\" \/>\n\t<meta name=\"author\" content=\"Encontra Aricanduva\"\/>\n\t<link rel=\"canonical\" href=\"https:\/\/www.encontraaricanduva.com.br\/sobre\/aricanduva-entra-em-estado-de-atencao-%e2%80%8e\/\" \/>\n\t<meta name=\"generator\" content=\"All in One SEO (AIOSEO) 5.0.0.1\" \/>\n\t\t<meta property=\"og:locale\" content=\"pt_BR\" \/>\n\t\t<meta property=\"og:site_name\" content=\"Encontra Aricanduva | Not\u00edcias, eventos, informa\u00e7\u00f5es e dicas no bairro do Aricanduva e regi\u00e3o\" \/>\n\t\t<meta property=\"og:type\" content=\"article\" \/>\n\t\t<meta property=\"og:title\" content=\"Aricanduva entra em estado de aten\u00e7\u00e3o \u200e | Encontra Aricanduva\" \/>\n\t\t<meta property=\"og:description\" content=\"A forte chuva que atingiu a cidade de S\u00e3o Paulo nesta quinta-feira colocou todas as regi\u00f5es, al\u00e9m da marginal Pinheiros e marginal Tiet\u00ea em estado de aten\u00e7\u00e3o. De acordo com o CGE (Centro de Gerenciamento de Emerg\u00eancia), o estado de aten\u00e7\u00e3o foi registrado por volta das 15h30. Depois das 16h30, as chuvas diminu\u00edram em boa\" \/>\n\t\t<meta property=\"og:url\" content=\"https:\/\/www.encontraaricanduva.com.br\/sobre\/aricanduva-entra-em-estado-de-atencao-%e2%80%8e\/\" \/>\n\t\t<meta property=\"article:published_time\" content=\"2011-12-02T00:10:55+00:00\" \/>\n\t\t<meta property=\"article:modified_time\" content=\"2013-08-12T18:33:47+00:00\" \/>\n\t\t<meta name=\"twitter:card\" content=\"summary_large_image\" \/>\n\t\t<meta name=\"twitter:title\" content=\"Aricanduva entra em estado de aten\u00e7\u00e3o \u200e | Encontra Aricanduva\" \/>\n\t\t<meta name=\"twitter:description\" content=\"A forte chuva que atingiu a cidade de S\u00e3o Paulo nesta quinta-feira colocou todas as regi\u00f5es, al\u00e9m da marginal Pinheiros e marginal Tiet\u00ea em estado de aten\u00e7\u00e3o. De acordo com o CGE (Centro de Gerenciamento de Emerg\u00eancia), o estado de aten\u00e7\u00e3o foi registrado por volta das 15h30. Depois das 16h30, as chuvas diminu\u00edram em boa\" \/>\n\t\t<script type=\"application\/ld+json\" class=\"aioseo-schema\">\n\t\t\t{\"@context\":\"https:\\\/\\\/schema.org\",\"@graph\":[{\"@type\":\"Article\",\"@id\":\"https:\\\/\\\/www.encontraaricanduva.com.br\\\/sobre\\\/aricanduva-entra-em-estado-de-atencao-%e2%80%8e\\\/#article\",\"name\":\"Aricanduva entra em estado de aten\\u00e7\\u00e3o \\u200e | Encontra Aricanduva\",\"headline\":\"Aricanduva entra em estado de aten\\u00e7\\u00e3o \\u200e\",\"author\":{\"@id\":\"https:\\\/\\\/www.encontraaricanduva.com.br\\\/sobre\\\/author\\\/earicanduva\\\/#author\"},\"publisher\":{\"@id\":\"https:\\\/\\\/www.encontraaricanduva.com.br\\\/sobre\\\/#organization\"},\"datePublished\":\"2011-12-02T00:10:55+00:00\",\"dateModified\":\"2013-08-12T18:33:47+00:00\",\"inLanguage\":\"pt-BR\",\"mainEntityOfPage\":{\"@id\":\"https:\\\/\\\/www.encontraaricanduva.com.br\\\/sobre\\\/aricanduva-entra-em-estado-de-atencao-%e2%80%8e\\\/#webpage\"},\"isPartOf\":{\"@id\":\"https:\\\/\\\/www.encontraaricanduva.com.br\\\/sobre\\\/aricanduva-entra-em-estado-de-atencao-%e2%80%8e\\\/#webpage\"},\"articleSection\":\"Not\\u00edcias Aricanduva\"},{\"@type\":\"BreadcrumbList\",\"@id\":\"https:\\\/\\\/www.encontraaricanduva.com.br\\\/sobre\\\/aricanduva-entra-em-estado-de-atencao-%e2%80%8e\\\/#breadcrumblist\",\"itemListElement\":[{\"@type\":\"ListItem\",\"@id\":\"https:\\\/\\\/www.encontraaricanduva.com.br\\\/sobre#listItem\",\"position\":1,\"name\":\"Home\",\"item\":\"https:\\\/\\\/www.encontraaricanduva.com.br\\\/sobre\",\"nextItem\":{\"@type\":\"ListItem\",\"@id\":\"https:\\\/\\\/www.encontraaricanduva.com.br\\\/sobre\\\/noticias-no-aricanduva\\\/#listItem\",\"name\":\"Not\\u00edcias Aricanduva\"}},{\"@type\":\"ListItem\",\"@id\":\"https:\\\/\\\/www.encontraaricanduva.com.br\\\/sobre\\\/noticias-no-aricanduva\\\/#listItem\",\"position\":2,\"name\":\"Not\\u00edcias Aricanduva\",\"item\":\"https:\\\/\\\/www.encontraaricanduva.com.br\\\/sobre\\\/noticias-no-aricanduva\\\/\",\"nextItem\":{\"@type\":\"ListItem\",\"@id\":\"https:\\\/\\\/www.encontraaricanduva.com.br\\\/sobre\\\/aricanduva-entra-em-estado-de-atencao-%e2%80%8e\\\/#listItem\",\"name\":\"Aricanduva entra em estado de aten\\u00e7\\u00e3o \\u200e\"},\"previousItem\":{\"@type\":\"ListItem\",\"@id\":\"https:\\\/\\\/www.encontraaricanduva.com.br\\\/sobre#listItem\",\"name\":\"Home\"}},{\"@type\":\"ListItem\",\"@id\":\"https:\\\/\\\/www.encontraaricanduva.com.br\\\/sobre\\\/aricanduva-entra-em-estado-de-atencao-%e2%80%8e\\\/#listItem\",\"position\":3,\"name\":\"Aricanduva entra em estado de aten\\u00e7\\u00e3o \\u200e\",\"previousItem\":{\"@type\":\"ListItem\",\"@id\":\"https:\\\/\\\/www.encontraaricanduva.com.br\\\/sobre\\\/noticias-no-aricanduva\\\/#listItem\",\"name\":\"Not\\u00edcias Aricanduva\"}}]},{\"@type\":\"Organization\",\"@id\":\"https:\\\/\\\/www.encontraaricanduva.com.br\\\/sobre\\\/#organization\",\"name\":\"Encontra Aricanduva\",\"description\":\"Not\\u00edcias, eventos, informa\\u00e7\\u00f5es e dicas no bairro do Aricanduva e regi\\u00e3o\",\"url\":\"https:\\\/\\\/www.encontraaricanduva.com.br\\\/sobre\\\/\"},{\"@type\":\"Person\",\"@id\":\"https:\\\/\\\/www.encontraaricanduva.com.br\\\/sobre\\\/author\\\/earicanduva\\\/#author\",\"url\":\"https:\\\/\\\/www.encontraaricanduva.com.br\\\/sobre\\\/author\\\/earicanduva\\\/\",\"name\":\"Encontra Aricanduva\",\"image\":{\"@type\":\"ImageObject\",\"@id\":\"https:\\\/\\\/www.encontraaricanduva.com.br\\\/sobre\\\/aricanduva-entra-em-estado-de-atencao-%e2%80%8e\\\/#authorImage\",\"url\":\"https:\\\/\\\/secure.gravatar.com\\\/avatar\\\/507340682b8270222e1f208e23198b6ae7e2c6a1033ae84e99bc6bce4f82a387?s=96&d=mm&r=g\",\"width\":96,\"height\":96,\"caption\":\"Encontra Aricanduva\"}},{\"@type\":\"WebPage\",\"@id\":\"https:\\\/\\\/www.encontraaricanduva.com.br\\\/sobre\\\/aricanduva-entra-em-estado-de-atencao-%e2%80%8e\\\/#webpage\",\"url\":\"https:\\\/\\\/www.encontraaricanduva.com.br\\\/sobre\\\/aricanduva-entra-em-estado-de-atencao-%e2%80%8e\\\/\",\"name\":\"Aricanduva entra em estado de aten\\u00e7\\u00e3o \\u200e | Encontra Aricanduva\",\"description\":\"A forte chuva que atingiu a cidade de S\\u00e3o Paulo nesta quinta-feira colocou todas as regi\\u00f5es, al\\u00e9m da marginal Pinheiros e marginal Tiet\\u00ea em estado de aten\\u00e7\\u00e3o. De acordo com o CGE (Centro de Gerenciamento de Emerg\\u00eancia), o estado de aten\\u00e7\\u00e3o foi registrado por volta das 15h30. Depois das 16h30, as chuvas diminu\\u00edram em boa\",\"inLanguage\":\"pt-BR\",\"isPartOf\":{\"@id\":\"https:\\\/\\\/www.encontraaricanduva.com.br\\\/sobre\\\/#website\"},\"breadcrumb\":{\"@id\":\"https:\\\/\\\/www.encontraaricanduva.com.br\\\/sobre\\\/aricanduva-entra-em-estado-de-atencao-%e2%80%8e\\\/#breadcrumblist\"},\"author\":{\"@id\":\"https:\\\/\\\/www.encontraaricanduva.com.br\\\/sobre\\\/author\\\/earicanduva\\\/#author\"},\"creator\":{\"@id\":\"https:\\\/\\\/www.encontraaricanduva.com.br\\\/sobre\\\/author\\\/earicanduva\\\/#author\"},\"datePublished\":\"2011-12-02T00:10:55+00:00\",\"dateModified\":\"2013-08-12T18:33:47+00:00\"},{\"@type\":\"WebSite\",\"@id\":\"https:\\\/\\\/www.encontraaricanduva.com.br\\\/sobre\\\/#website\",\"url\":\"https:\\\/\\\/www.encontraaricanduva.com.br\\\/sobre\\\/\",\"name\":\"Encontra Aricanduva\",\"description\":\"Not\\u00edcias, eventos, informa\\u00e7\\u00f5es e dicas no bairro do Aricanduva e regi\\u00e3o\",\"inLanguage\":\"pt-BR\",\"publisher\":{\"@id\":\"https:\\\/\\\/www.encontraaricanduva.com.br\\\/sobre\\\/#organization\"}}]}\n\t\t<\/script>\n\t\t<!-- All in One SEO -->\n\n","aioseo_head_json":{"title":"Aricanduva entra em estado de aten\u00e7\u00e3o \u200e | Encontra Aricanduva","description":"A forte chuva que atingiu a cidade de S\u00e3o Paulo nesta quinta-feira colocou todas as regi\u00f5es, al\u00e9m da marginal Pinheiros e marginal Tiet\u00ea em estado de aten\u00e7\u00e3o. De acordo com o CGE (Centro de Gerenciamento de Emerg\u00eancia), o estado de aten\u00e7\u00e3o foi registrado por volta das 15h30. Depois das 16h30, as chuvas diminu\u00edram em boa","canonical_url":"https:\/\/www.encontraaricanduva.com.br\/sobre\/aricanduva-entra-em-estado-de-atencao-%e2%80%8e\/","robots":"max-image-preview:large","keywords":"","webmasterTools":{"miscellaneous":""},"schema":{"@context":"https:\/\/schema.org","@graph":[{"@type":"Article","@id":"https:\/\/www.encontraaricanduva.com.br\/sobre\/aricanduva-entra-em-estado-de-atencao-%e2%80%8e\/#article","name":"Aricanduva entra em estado de aten\u00e7\u00e3o \u200e | Encontra Aricanduva","headline":"Aricanduva entra em estado de aten\u00e7\u00e3o \u200e","author":{"@id":"https:\/\/www.encontraaricanduva.com.br\/sobre\/author\/earicanduva\/#author"},"publisher":{"@id":"https:\/\/www.encontraaricanduva.com.br\/sobre\/#organization"},"datePublished":"2011-12-02T00:10:55+00:00","dateModified":"2013-08-12T18:33:47+00:00","inLanguage":"pt-BR","mainEntityOfPage":{"@id":"https:\/\/www.encontraaricanduva.com.br\/sobre\/aricanduva-entra-em-estado-de-atencao-%e2%80%8e\/#webpage"},"isPartOf":{"@id":"https:\/\/www.encontraaricanduva.com.br\/sobre\/aricanduva-entra-em-estado-de-atencao-%e2%80%8e\/#webpage"},"articleSection":"Not\u00edcias Aricanduva"},{"@type":"BreadcrumbList","@id":"https:\/\/www.encontraaricanduva.com.br\/sobre\/aricanduva-entra-em-estado-de-atencao-%e2%80%8e\/#breadcrumblist","itemListElement":[{"@type":"ListItem","@id":"https:\/\/www.encontraaricanduva.com.br\/sobre#listItem","position":1,"name":"Home","item":"https:\/\/www.encontraaricanduva.com.br\/sobre","nextItem":{"@type":"ListItem","@id":"https:\/\/www.encontraaricanduva.com.br\/sobre\/noticias-no-aricanduva\/#listItem","name":"Not\u00edcias Aricanduva"}},{"@type":"ListItem","@id":"https:\/\/www.encontraaricanduva.com.br\/sobre\/noticias-no-aricanduva\/#listItem","position":2,"name":"Not\u00edcias Aricanduva","item":"https:\/\/www.encontraaricanduva.com.br\/sobre\/noticias-no-aricanduva\/","nextItem":{"@type":"ListItem","@id":"https:\/\/www.encontraaricanduva.com.br\/sobre\/aricanduva-entra-em-estado-de-atencao-%e2%80%8e\/#listItem","name":"Aricanduva entra em estado de aten\u00e7\u00e3o \u200e"},"previousItem":{"@type":"ListItem","@id":"https:\/\/www.encontraaricanduva.com.br\/sobre#listItem","name":"Home"}},{"@type":"ListItem","@id":"https:\/\/www.encontraaricanduva.com.br\/sobre\/aricanduva-entra-em-estado-de-atencao-%e2%80%8e\/#listItem","position":3,"name":"Aricanduva entra em estado de aten\u00e7\u00e3o \u200e","previousItem":{"@type":"ListItem","@id":"https:\/\/www.encontraaricanduva.com.br\/sobre\/noticias-no-aricanduva\/#listItem","name":"Not\u00edcias Aricanduva"}}]},{"@type":"Organization","@id":"https:\/\/www.encontraaricanduva.com.br\/sobre\/#organization","name":"Encontra Aricanduva","description":"Not\u00edcias, eventos, informa\u00e7\u00f5es e dicas no bairro do Aricanduva e regi\u00e3o","url":"https:\/\/www.encontraaricanduva.com.br\/sobre\/"},{"@type":"Person","@id":"https:\/\/www.encontraaricanduva.com.br\/sobre\/author\/earicanduva\/#author","url":"https:\/\/www.encontraaricanduva.com.br\/sobre\/author\/earicanduva\/","name":"Encontra Aricanduva","image":{"@type":"ImageObject","@id":"https:\/\/www.encontraaricanduva.com.br\/sobre\/aricanduva-entra-em-estado-de-atencao-%e2%80%8e\/#authorImage","url":"https:\/\/secure.gravatar.com\/avatar\/507340682b8270222e1f208e23198b6ae7e2c6a1033ae84e99bc6bce4f82a387?s=96&d=mm&r=g","width":96,"height":96,"caption":"Encontra Aricanduva"}},{"@type":"WebPage","@id":"https:\/\/www.encontraaricanduva.com.br\/sobre\/aricanduva-entra-em-estado-de-atencao-%e2%80%8e\/#webpage","url":"https:\/\/www.encontraaricanduva.com.br\/sobre\/aricanduva-entra-em-estado-de-atencao-%e2%80%8e\/","name":"Aricanduva entra em estado de aten\u00e7\u00e3o \u200e | Encontra Aricanduva","description":"A forte chuva que atingiu a cidade de S\u00e3o Paulo nesta quinta-feira colocou todas as regi\u00f5es, al\u00e9m da marginal Pinheiros e marginal Tiet\u00ea em estado de aten\u00e7\u00e3o. De acordo com o CGE (Centro de Gerenciamento de Emerg\u00eancia), o estado de aten\u00e7\u00e3o foi registrado por volta das 15h30. Depois das 16h30, as chuvas diminu\u00edram em boa","inLanguage":"pt-BR","isPartOf":{"@id":"https:\/\/www.encontraaricanduva.com.br\/sobre\/#website"},"breadcrumb":{"@id":"https:\/\/www.encontraaricanduva.com.br\/sobre\/aricanduva-entra-em-estado-de-atencao-%e2%80%8e\/#breadcrumblist"},"author":{"@id":"https:\/\/www.encontraaricanduva.com.br\/sobre\/author\/earicanduva\/#author"},"creator":{"@id":"https:\/\/www.encontraaricanduva.com.br\/sobre\/author\/earicanduva\/#author"},"datePublished":"2011-12-02T00:10:55+00:00","dateModified":"2013-08-12T18:33:47+00:00"},{"@type":"WebSite","@id":"https:\/\/www.encontraaricanduva.com.br\/sobre\/#website","url":"https:\/\/www.encontraaricanduva.com.br\/sobre\/","name":"Encontra Aricanduva","description":"Not\u00edcias, eventos, informa\u00e7\u00f5es e dicas no bairro do Aricanduva e regi\u00e3o","inLanguage":"pt-BR","publisher":{"@id":"https:\/\/www.encontraaricanduva.com.br\/sobre\/#organization"}}]},"og:locale":"pt_BR","og:site_name":"Encontra Aricanduva | Not\u00edcias, eventos, informa\u00e7\u00f5es e dicas no bairro do Aricanduva e regi\u00e3o","og:type":"article","og:title":"Aricanduva entra em estado de aten\u00e7\u00e3o \u200e | Encontra Aricanduva","og:description":"A forte chuva que atingiu a cidade de S\u00e3o Paulo nesta quinta-feira colocou todas as regi\u00f5es, al\u00e9m da marginal Pinheiros e marginal Tiet\u00ea em estado de aten\u00e7\u00e3o. De acordo com o CGE (Centro de Gerenciamento de Emerg\u00eancia), o estado de aten\u00e7\u00e3o foi registrado por volta das 15h30. Depois das 16h30, as chuvas diminu\u00edram em boa","og:url":"https:\/\/www.encontraaricanduva.com.br\/sobre\/aricanduva-entra-em-estado-de-atencao-%e2%80%8e\/","article:published_time":"2011-12-02T00:10:55+00:00","article:modified_time":"2013-08-12T18:33:47+00:00","twitter:card":"summary_large_image","twitter:title":"Aricanduva entra em estado de aten\u00e7\u00e3o \u200e | Encontra Aricanduva","twitter:description":"A forte chuva que atingiu a cidade de S\u00e3o Paulo nesta quinta-feira colocou todas as regi\u00f5es, al\u00e9m da marginal Pinheiros e marginal Tiet\u00ea em estado de aten\u00e7\u00e3o. De acordo com o CGE (Centro de Gerenciamento de Emerg\u00eancia), o estado de aten\u00e7\u00e3o foi registrado por volta das 15h30. Depois das 16h30, as chuvas diminu\u00edram em boa"},"aioseo_meta_data":{"post_id":"580","title":null,"description":null,"keywords":null,"keyphrases":null,"primary_term":null,"canonical_url":null,"og_title":null,"og_description":null,"og_object_type":"default","og_image_type":"default","og_image_url":null,"og_image_width":null,"og_image_height":null,"og_image_custom_url":null,"og_image_custom_fields":null,"og_video":null,"og_custom_url":null,"og_article_section":null,"og_article_tags":null,"twitter_use_og":false,"twitter_card":"default","twitter_image_type":"default","twitter_image_url":null,"twitter_image_custom_url":null,"twitter_image_custom_fields":null,"twitter_title":null,"twitter_description":null,"schema":{"blockGraphs":[],"customGraphs":[],"default":{"data":{"Article":[],"Course":[],"Dataset":[],"FAQPage":[],"Movie":[],"Person":[],"Product":[],"ProductReview":[],"Car":[],"Recipe":[],"Service":[],"SoftwareApplication":[],"WebPage":[]},"graphName":"Article","isEnabled":true},"graphs":[]},"schema_type":"default","schema_type_options":null,"pillar_content":false,"robots_default":true,"robots_noindex":false,"robots_noarchive":false,"robots_nosnippet":false,"robots_nofollow":false,"robots_noimageindex":false,"robots_noodp":false,"robots_notranslate":false,"robots_max_snippet":null,"robots_max_videopreview":null,"robots_max_imagepreview":"large","priority":null,"frequency":null,"local_seo":null,"breadcrumb_settings":null,"limit_modified_date":false,"ai":null,"created":"2024-08-15 07:29:19","updated":"2025-09-10 17:54:07","focus_keyword":null,"additional_keywords":null,"truseo_locale":null,"seo_analyzer_scan_date":null},"aioseo_breadcrumb":"<div class=\"aioseo-breadcrumbs\"><span class=\"aioseo-breadcrumb\">\n\t\t\t<a href=\"https:\/\/www.encontraaricanduva.com.br\/sobre\" title=\"Home\">Home<\/a>\n\t\t<\/span><span class=\"aioseo-breadcrumb-separator\">&raquo;<\/span><span class=\"aioseo-breadcrumb\">\n\t\t\t<a href=\"https:\/\/www.encontraaricanduva.com.br\/sobre\/noticias-no-aricanduva\/\" title=\"Not\u00edcias Aricanduva\">Not\u00edcias Aricanduva<\/a>\n\t\t<\/span><span class=\"aioseo-breadcrumb-separator\">&raquo;<\/span><span class=\"aioseo-breadcrumb\">\n\t\t\tAricanduva entra em estado de aten\u00e7\u00e3o \u200e\n\t\t<\/span><\/div>","aioseo_breadcrumb_json":[{"label":"Home","link":"https:\/\/www.encontraaricanduva.com.br\/sobre"},{"label":"Not\u00edcias Aricanduva","link":"https:\/\/www.encontraaricanduva.com.br\/sobre\/noticias-no-aricanduva\/"},{"label":"Aricanduva entra em estado de aten\u00e7\u00e3o \u200e","link":"https:\/\/www.encontraaricanduva.com.br\/sobre\/aricanduva-entra-em-estado-de-atencao-%e2%80%8e\/"}],"_links":{"self":[{"href":"https:\/\/www.encontraaricanduva.com.br\/sobre\/wp-json\/wp\/v2\/posts\/580","targetHints":{"allow":["GET"]}}],"collection":[{"href":"https:\/\/www.encontraaricanduva.com.br\/sobre\/wp-json\/wp\/v2\/posts"}],"about":[{"href":"https:\/\/www.encontraaricanduva.com.br\/sobre\/wp-json\/wp\/v2\/types\/post"}],"author":[{"embeddable":true,"href":"https:\/\/www.encontraaricanduva.com.br\/sobre\/wp-json\/wp\/v2\/users\/1"}],"replies":[{"embeddable":true,"href":"https:\/\/www.encontraaricanduva.com.br\/sobre\/wp-json\/wp\/v2\/comments?post=580"}],"version-history":[{"count":0,"href":"https:\/\/www.encontraaricanduva.com.br\/sobre\/wp-json\/wp\/v2\/posts\/580\/revisions"}],"wp:attachment":[{"href":"https:\/\/www.encontraaricanduva.com.br\/sobre\/wp-json\/wp\/v2\/media?parent=580"}],"wp:term":[{"taxonomy":"category","embeddable":true,"href":"https:\/\/www.encontraaricanduva.com.br\/sobre\/wp-json\/wp\/v2\/categories?post=580"},{"taxonomy":"post_tag","embeddable":true,"href":"https:\/\/www.encontraaricanduva.com.br\/sobre\/wp-json\/wp\/v2\/tags?post=580"}],"curies":[{"name":"wp","href":"https:\/\/api.w.org\/{rel}","templated":true}]}}