{"id":264,"date":"2011-04-11T13:18:16","date_gmt":"2011-04-11T13:18:16","guid":{"rendered":"http:\/\/www.encontraaricanduva.com.br\/noticias\/?p=264"},"modified":"2011-04-11T13:18:38","modified_gmt":"2011-04-11T13:18:38","slug":"fogo-em-entulho-bloqueia-faixa-de-acesso-a-ponte-da-marginal-tiete-e-complica-transito-no-aricanduva","status":"publish","type":"post","link":"https:\/\/www.encontraaricanduva.com.br\/sobre\/fogo-em-entulho-bloqueia-faixa-de-acesso-a-ponte-da-marginal-tiete-e-complica-transito-no-aricanduva\/","title":{"rendered":"Fogo em entulho bloqueia faixa de acesso a ponte da marginal Tiet\u00ea e complica tr\u00e2nsito no Aricanduva"},"content":{"rendered":"<div class=\"0761f6a77d7312e6c166bb5f335a15c5\" data-index=\"1\" style=\"float: left; margin: 15px 15px 15px 0;\">\n<!-- EBR \/Novo-Bairro\/ 300x250 - pub-85 -->\r\n<ins class=\"adsbygoogle\"\r\n     style=\"display:inline-block;width:300px;height:250px\"\r\n     data-ad-client=\"ca-pub-8585364105181520\"\r\n     data-ad-slot=\"4691134188\"><\/ins>\r\n<script>\r\n(adsbygoogle = window.adsbygoogle || []).push({});\r\n<\/script>\r\n\n<\/div>\n<p>Uma faixa da direita do acesso da ponte do Tatuap\u00e9 para a pista local  da marginal Tiet\u00ea estava\u00a0bloqueada por volta de 6h20 desta sexta-feira  (8). De acordo com a CET (Companhia de Engenharia de Tr\u00e1fego), no local,  havia um foco de inc\u00eandio em um monte de entulho\u00a0que estava no canteiro  central da via.<\/p>\n<p>Apesar do interdi\u00e7\u00e3o, o motorista n\u00e3o encontrava problemas para  circular na regi\u00e3o.\u00a0Segundo a CET, havia \u00a01,5 km de lentid\u00e3o na pista da  marginal no sentido Castello Branco. As filas se estendiam da ponte  Cruzeiro do Sul at\u00e9 a ponte da Bila Guilherme.<\/p>\n<p>Nos 868 km de vias monitoradas pela CET, \u00e0s 6h20, eram registrados apenas 3 km de lentid\u00e3o. A avenida Aricanduva, no sentido marginal, tinha 900 m de lentid\u00e3o.<\/p>\n<p><em>Fonte: O Estado de S. Paulo<\/em><\/p>\n\n<div style=\"font-size: 0px; height: 0px; line-height: 0px; margin: 0; padding: 0; clear: both;\"><\/div>","protected":false},"excerpt":{"rendered":"<p>Uma faixa da direita do acesso da ponte do Tatuap\u00e9 para a pista local da marginal Tiet\u00ea estava\u00a0bloqueada por volta de 6h20 desta sexta-feira (8). De acordo com a CET (Companhia de Engenharia de Tr\u00e1fego), no local, havia um foco de inc\u00eandio em um monte de entulho\u00a0que estava no canteiro central da via. Apesar do interdi\u00e7\u00e3o, o motorista n\u00e3o encontrava problemas para circular na regi\u00e3o.\u00a0Segundo a CET, havia \u00a01,5 km de lentid\u00e3o na pista da marginal no sentido Castello Branco. As filas se estendiam da ponte Cruzeiro do Sul at\u00e9 a ponte da Bila Guilherme. Nos 868 km de vias <\/p>\n","protected":false},"author":1,"featured_media":0,"comment_status":"open","ping_status":"open","sticky":false,"template":"","format":"standard","meta":{"footnotes":""},"categories":[9],"tags":[],"class_list":["post-264","post","type-post","status-publish","format-standard","hentry","category-noticias-no-aricanduva"],"aioseo_notices":[],"_links":{"self":[{"href":"https:\/\/www.encontraaricanduva.com.br\/sobre\/wp-json\/wp\/v2\/posts\/264","targetHints":{"allow":["GET"]}}],"collection":[{"href":"https:\/\/www.encontraaricanduva.com.br\/sobre\/wp-json\/wp\/v2\/posts"}],"about":[{"href":"https:\/\/www.encontraaricanduva.com.br\/sobre\/wp-json\/wp\/v2\/types\/post"}],"author":[{"embeddable":true,"href":"https:\/\/www.encontraaricanduva.com.br\/sobre\/wp-json\/wp\/v2\/users\/1"}],"replies":[{"embeddable":true,"href":"https:\/\/www.encontraaricanduva.com.br\/sobre\/wp-json\/wp\/v2\/comments?post=264"}],"version-history":[{"count":0,"href":"https:\/\/www.encontraaricanduva.com.br\/sobre\/wp-json\/wp\/v2\/posts\/264\/revisions"}],"wp:attachment":[{"href":"https:\/\/www.encontraaricanduva.com.br\/sobre\/wp-json\/wp\/v2\/media?parent=264"}],"wp:term":[{"taxonomy":"category","embeddable":true,"href":"https:\/\/www.encontraaricanduva.com.br\/sobre\/wp-json\/wp\/v2\/categories?post=264"},{"taxonomy":"post_tag","embeddable":true,"href":"https:\/\/www.encontraaricanduva.com.br\/sobre\/wp-json\/wp\/v2\/tags?post=264"}],"curies":[{"name":"wp","href":"https:\/\/api.w.org\/{rel}","templated":true}]}}