{"id":237,"date":"2011-03-18T15:34:36","date_gmt":"2011-03-18T15:34:36","guid":{"rendered":"http:\/\/www.encontraaricanduva.com.br\/noticias\/?p=237"},"modified":"2013-08-12T18:32:49","modified_gmt":"2013-08-12T18:32:49","slug":"cpf-passa-a-ser-obrigatorio-para-utilizacao-dos-servicos-no-cat-aricanduva","status":"publish","type":"post","link":"https:\/\/www.encontraaricanduva.com.br\/sobre\/cpf-passa-a-ser-obrigatorio-para-utilizacao-dos-servicos-no-cat-aricanduva\/","title":{"rendered":"CPF passa a ser obrigat\u00f3rio para utiliza\u00e7\u00e3o dos servi\u00e7os no CAT Aricanduva"},"content":{"rendered":"<div class=\"0761f6a77d7312e6c166bb5f335a15c5\" data-index=\"1\" style=\"float: left; margin: 15px 15px 15px 0;\">\n<!-- EBR \/Novo-Bairro\/ 300x250 - pub-85 -->\r\n<ins class=\"adsbygoogle\"\r\n     style=\"display:inline-block;width:300px;height:250px\"\r\n     data-ad-client=\"ca-pub-8585364105181520\"\r\n     data-ad-slot=\"4691134188\"><\/ins>\r\n<script>\r\n(adsbygoogle = window.adsbygoogle || []).push({});\r\n<\/script>\r\n\n<\/div>\n<p>Desde o dia 11 de mar\u00e7o, \u00e9 obrigat\u00f3ria a apresenta\u00e7\u00e3o do CPF para   utiliza\u00e7\u00e3o dos servi\u00e7os prestados nas unidades de atendimento do Centro   de Apoio ao Trabalho (CAT), incluindo os m\u00f3veis e o Itinerante. A   obrigatoriedade veio juntamente com a nova vers\u00e3o do Sigae- Sistema de   Gest\u00f5es de A\u00e7\u00f5es de Emprego, do Minist\u00e9rio do Trabalho e Emprego.<\/p>\n<p>Para  se inscrever os candidatos em busca de trabalho ou qualifica\u00e7\u00e3o   profissional devem comparecer a um dos endere\u00e7os do CAT mais pr\u00f3ximo de   sua resid\u00eancia e apresentar RG, CPF e Carteira de Trabalho. Quem ainda   n\u00e3o possui a Carteira de Trabalho pode tirar o documento na hora,  dentro  do pr\u00f3prio CAT. Para isso s\u00e3o necess\u00e1rias a apresenta\u00e7\u00e3o do RG e  duas  fotos 3X4 em fundo branco.<\/p>\n<p>Confira o CAT mais perto de voc\u00ea:<\/p>\n<p>*ZONA CENTRAL<\/p>\n<p>&#8211; CAT Luz<br \/>\nAv. Prestes Maia, 913 \/ 919<br \/>\nDas 7 \u00e0s 18h (Seg. a Sexta) Das 7 \u00e0s 13h (S\u00e1bado)<br \/>\nIntermedia\u00e7\u00e3o de M\u00e3o de Obra \/ Seguro-Desemprego \/ Carteira de Trabalho \/  Jovem Cidad\u00e3o \/ Orienta\u00e7\u00e3o para o Trabalho \/ Pacet \/ SP Confia<\/p>\n<p>*ZONA LESTE<\/p>\n<p>&#8211; CAT Itaquera<br \/>\nRua Greg\u00f3rio Ramalho, 12<br \/>\nDas 7 \u00e0s 18h (Seg. a Sexta) Das 7 \u00e0s 13h (S\u00e1bado)<br \/>\nIntermedia\u00e7\u00e3o de M\u00e3o de Obra \/ Seguro-Desemprego \/ Carteira de Trabalho \/ Orienta\u00e7\u00e3o para o Trabalho \/ Pacet<\/p>\n<p>&#8211; CAT Penha<br \/>\nRua Candapu\u00ed, 492 (dentro da Subprefeitura da Penha)<br \/>\nDas 8 \u00e0s 17h (Seg. a  Sexta)\u00a0\u00a0\u00a0\u00a0\u00a0\u00a0\u00a0\u00a0\u00a0\u00a0\u00a0\u00a0\u00a0\u00a0\u00a0\u00a0\u00a0\u00a0\u00a0\u00a0\u00a0\u00a0\u00a0\u00a0\u00a0\u00a0\u00a0\u00a0\u00a0\u00a0\u00a0\u00a0\u00a0\u00a0\u00a0\u00a0\u00a0\u00a0\u00a0\u00a0\u00a0\u00a0\u00a0\u00a0\u00a0\u00a0\u00a0\u00a0\u00a0\u00a0\u00a0\u00a0\u00a0\u00a0\u00a0\u00a0\u00a0\u00a0\u00a0\u00a0\u00a0\u00a0\u00a0\u00a0\u00a0\u00a0\u00a0\u00a0\u00a0\u00a0\u00a0\u00a0\u00a0\u00a0\u00a0\u00a0\u00a0  Intermedia\u00e7\u00e3o m\u00e3o-de-obra \/ Carteira de Trabalho \/ Seguro-Desemprego \/  Orienta\u00e7\u00e3o para o Trabalho<\/p>\n<p>&#8211; CAT Tatuap\u00e9<br \/>\nRua Padre Estev\u00e3o Pernet, 615<br \/>\nDas 8 \u00e0s 17h (Seg. a Sexta)<br \/>\nSeguro-Desemprego \/ Carteira de Trabalho \/ SP Confia<\/p>\n<p>&#8211; CAT Itaim Paulista<br \/>\nAv. Marechal Tito, 3.012<br \/>\nDas 8 \u00e0s 17h (Seg. a Sexta)<br \/>\nIntermedia\u00e7\u00e3o de M\u00e3o de Obra \/ Seguro-Desemprego \/ Orienta\u00e7\u00e3o para o Trabalho<\/p>\n<p>&#8211; CAT S\u00e3o Mateus I<br \/>\nAv. Mateo Bei, 1.641<br \/>\nDas 7 \u00e0s 18h (Seg. a Sexta) Das 7 \u00e0s 13h (S\u00e1bado)<br \/>\nIntermedia\u00e7\u00e3o de M\u00e3o de Obra \/ Seguro-Desemprego \/ Carteira de Trabalho \/ Orienta\u00e7\u00e3o para o Trabalho \/ Pacet<\/p>\n<p>&#8211; CAT S\u00e3o Mateus II<br \/>\nRagueb Chohfi, 1.400<br \/>\nDas 8 \u00e0s 17h (Seg. a Sexta)<br \/>\nIntermedia\u00e7\u00e3o de M\u00e3o de Obra \/ Seguro-Desemprego \/ Carteira de Trabalho<\/p>\n<p>*ZONA NORTE<\/p>\n<p>&#8211; CAT Santana<br \/>\nRua Volunt\u00e1rios da P\u00e1tria, 1.553<br \/>\nDas 7 \u00e0s 18h (Seg. a Sexta) Das 7 \u00e0s 13h (S\u00e1bado)<br \/>\nIntermedia\u00e7\u00e3o de M\u00e3o de Obra \/ Seguro-Desemprego \/ Carteira de Trabalho \/  Jovem Cidad\u00e3o \/ Orienta\u00e7\u00e3o para o Trabalho \/ Pacet \/ SP Confia<\/p>\n<p>&#8211; CAT Tucuruvi<br \/>\nAv. General Ataliba Leonel, 2.764<br \/>\nDas 8 \u00e0s 17h (Seg. a Sexta)<br \/>\nSeguro-Desemprego \/ Carteira de Trabalho \/ SP Confia<\/p>\n<p>&#8211; CAT Casa Verde<br \/>\nAv. Ordem e Progresso, 1.001<br \/>\nDas 8 \u00e0s 17h (Seg. a Sexta)<br \/>\nIntermedia\u00e7\u00e3o de M\u00e3o de Obra \/ Seguro-Desemprego<\/p>\n<p>&#8211; CAT Perus<br \/>\nRua Yl\u00eddio Figueiredo, 349<br \/>\nDas 8 \u00e0s 17h (Seg. a Sexta)<br \/>\nIntermedia\u00e7\u00e3o de M\u00e3o de Obra \/ Seguro-Desemprego \/ Carteira de Trabalho \/ Orienta\u00e7\u00e3o para o Trabalho<\/p>\n<p>*ZONA OESTE<\/p>\n<p>&#8211; CAT Lapa I<br \/>\nRua Monteiro de Melo, 342<br \/>\nDas 7 \u00e0s 18h (Seg. a Sexta) Das 7 \u00e0s 13h (S\u00e1bado)<br \/>\nIntermedia\u00e7\u00e3o de M\u00e3o de Obra \/ Seguro-Desemprego\/ Carteira de Trabalho \/  Jovem Cidad\u00e3o \/ Orienta\u00e7\u00e3o para o Trabalho \/ Pacet \/ SP Confia<\/p>\n<p>&#8211; CAT Lapa II<br \/>\nRua Afonso Sardinha, 201<br \/>\nDas 8 \u00e0s 17h (Seg. a Sexta)<br \/>\nSeguro-Desemprego<\/p>\n<p>*ZONA SUL<\/p>\n<p>&#8211; CAT Interlagos<br \/>\nAv. Interlagos, 6.122<br \/>\nDas 7 \u00e0s 18h (Seg. a Sexta) Das 7 \u00e0s 13h (S\u00e1bado)<br \/>\nIntermedia\u00e7\u00e3o de M\u00e3o de Obra \/ Seguro-Desemprego \/ Carteira de Trabalho \/ Orienta\u00e7\u00e3o para o Trabalho \/ Pacet \/ SP Confia<\/p>\n<p>&#8211; CAT Jabaquara<br \/>\nAv. Eng. Armando de Arruda Pereira, 2.314<br \/>\nDas 8 \u00e0s 17h (Seg. a Sexta)<br \/>\nIntermedia\u00e7\u00e3o de M\u00e3o de Obra \/ Seguro-Desemprego \/ Carteira de Trabalho \/ SP Confia<\/p>\n<p>&#8211; CAT Cidade Ademar<br \/>\nAv. Yervant Kissajikian, 416<br \/>\nDas 8 \u00e0s 17h (Seg. a Sexta)<br \/>\nIntermedia\u00e7\u00e3o de M\u00e3o de Obra \/ Seguro-Desemprego \/ Carteira de Trabalho<\/p>\n<p>&#8211; CAT Parelheiros<br \/>\nSadamu Inoue, 5.252<br \/>\nDas 8 \u00e0s 17h (Seg. a Sexta)<br \/>\nIntermedia\u00e7\u00e3o de M\u00e3o de Obra \/ Seguro-Desemprego \/ Carteira de Trabalho \/ Orienta\u00e7\u00e3o para o Trabalho.<em><\/p>\n<p>Fonte: Prefeitura de S. Paulo<\/em><\/p>\n\n<div style=\"font-size: 0px; height: 0px; line-height: 0px; margin: 0; padding: 0; clear: both;\"><\/div>","protected":false},"excerpt":{"rendered":"<p>Desde o dia 11 de mar\u00e7o, \u00e9 obrigat\u00f3ria a apresenta\u00e7\u00e3o do CPF para utiliza\u00e7\u00e3o dos servi\u00e7os prestados nas unidades de atendimento do Centro de Apoio ao Trabalho (CAT), incluindo os m\u00f3veis e o Itinerante. A obrigatoriedade veio juntamente com a nova vers\u00e3o do Sigae- Sistema de Gest\u00f5es de A\u00e7\u00f5es de Emprego, do Minist\u00e9rio do Trabalho e Emprego. Para se inscrever os candidatos em busca de trabalho ou qualifica\u00e7\u00e3o profissional devem comparecer a um dos endere\u00e7os do CAT mais pr\u00f3ximo de sua resid\u00eancia e apresentar RG, CPF e Carteira de Trabalho. Quem ainda n\u00e3o possui a Carteira de Trabalho pode tirar <\/p>\n","protected":false},"author":1,"featured_media":0,"comment_status":"open","ping_status":"open","sticky":false,"template":"","format":"standard","meta":{"footnotes":""},"categories":[9],"tags":[],"class_list":["post-237","post","type-post","status-publish","format-standard","hentry","category-noticias-no-aricanduva"],"aioseo_notices":[],"aioseo_head":"\n\t\t<!-- All in One SEO 5.0.0.1 - aioseo.com -->\n\t<meta name=\"description\" content=\"Desde o dia 11 de mar\u00e7o, \u00e9 obrigat\u00f3ria a apresenta\u00e7\u00e3o do CPF para utiliza\u00e7\u00e3o dos servi\u00e7os prestados nas unidades de atendimento do Centro de Apoio ao Trabalho (CAT), incluindo os m\u00f3veis e o Itinerante. A obrigatoriedade veio juntamente com a nova vers\u00e3o do Sigae- Sistema de Gest\u00f5es de A\u00e7\u00f5es de Emprego, do Minist\u00e9rio do Trabalho\" \/>\n\t<meta name=\"robots\" content=\"max-image-preview:large\" \/>\n\t<meta name=\"author\" content=\"Encontra Aricanduva\"\/>\n\t<link rel=\"canonical\" href=\"https:\/\/www.encontraaricanduva.com.br\/sobre\/cpf-passa-a-ser-obrigatorio-para-utilizacao-dos-servicos-no-cat-aricanduva\/\" \/>\n\t<meta name=\"generator\" content=\"All in One SEO (AIOSEO) 5.0.0.1\" \/>\n\t\t<meta property=\"og:locale\" content=\"pt_BR\" \/>\n\t\t<meta property=\"og:site_name\" content=\"Encontra Aricanduva | Not\u00edcias, eventos, informa\u00e7\u00f5es e dicas no bairro do Aricanduva e regi\u00e3o\" \/>\n\t\t<meta property=\"og:type\" content=\"article\" \/>\n\t\t<meta property=\"og:title\" content=\"CPF passa a ser obrigat\u00f3rio para utiliza\u00e7\u00e3o dos servi\u00e7os no CAT Aricanduva | Encontra Aricanduva\" \/>\n\t\t<meta property=\"og:description\" content=\"Desde o dia 11 de mar\u00e7o, \u00e9 obrigat\u00f3ria a apresenta\u00e7\u00e3o do CPF para utiliza\u00e7\u00e3o dos servi\u00e7os prestados nas unidades de atendimento do Centro de Apoio ao Trabalho (CAT), incluindo os m\u00f3veis e o Itinerante. A obrigatoriedade veio juntamente com a nova vers\u00e3o do Sigae- Sistema de Gest\u00f5es de A\u00e7\u00f5es de Emprego, do Minist\u00e9rio do Trabalho\" \/>\n\t\t<meta property=\"og:url\" content=\"https:\/\/www.encontraaricanduva.com.br\/sobre\/cpf-passa-a-ser-obrigatorio-para-utilizacao-dos-servicos-no-cat-aricanduva\/\" \/>\n\t\t<meta property=\"article:published_time\" content=\"2011-03-18T15:34:36+00:00\" \/>\n\t\t<meta property=\"article:modified_time\" content=\"2013-08-12T18:32:49+00:00\" \/>\n\t\t<meta name=\"twitter:card\" content=\"summary_large_image\" \/>\n\t\t<meta name=\"twitter:title\" content=\"CPF passa a ser obrigat\u00f3rio para utiliza\u00e7\u00e3o dos servi\u00e7os no CAT Aricanduva | Encontra Aricanduva\" \/>\n\t\t<meta name=\"twitter:description\" content=\"Desde o dia 11 de mar\u00e7o, \u00e9 obrigat\u00f3ria a apresenta\u00e7\u00e3o do CPF para utiliza\u00e7\u00e3o dos servi\u00e7os prestados nas unidades de atendimento do Centro de Apoio ao Trabalho (CAT), incluindo os m\u00f3veis e o Itinerante. A obrigatoriedade veio juntamente com a nova vers\u00e3o do Sigae- Sistema de Gest\u00f5es de A\u00e7\u00f5es de Emprego, do Minist\u00e9rio do Trabalho\" \/>\n\t\t<script type=\"application\/ld+json\" class=\"aioseo-schema\">\n\t\t\t{\"@context\":\"https:\\\/\\\/schema.org\",\"@graph\":[{\"@type\":\"Article\",\"@id\":\"https:\\\/\\\/www.encontraaricanduva.com.br\\\/sobre\\\/cpf-passa-a-ser-obrigatorio-para-utilizacao-dos-servicos-no-cat-aricanduva\\\/#article\",\"name\":\"CPF passa a ser obrigat\\u00f3rio para utiliza\\u00e7\\u00e3o dos servi\\u00e7os no CAT Aricanduva | Encontra Aricanduva\",\"headline\":\"CPF passa a ser obrigat\\u00f3rio para utiliza\\u00e7\\u00e3o dos servi\\u00e7os no CAT Aricanduva\",\"author\":{\"@id\":\"https:\\\/\\\/www.encontraaricanduva.com.br\\\/sobre\\\/author\\\/earicanduva\\\/#author\"},\"publisher\":{\"@id\":\"https:\\\/\\\/www.encontraaricanduva.com.br\\\/sobre\\\/#organization\"},\"datePublished\":\"2011-03-18T15:34:36+00:00\",\"dateModified\":\"2013-08-12T18:32:49+00:00\",\"inLanguage\":\"pt-BR\",\"mainEntityOfPage\":{\"@id\":\"https:\\\/\\\/www.encontraaricanduva.com.br\\\/sobre\\\/cpf-passa-a-ser-obrigatorio-para-utilizacao-dos-servicos-no-cat-aricanduva\\\/#webpage\"},\"isPartOf\":{\"@id\":\"https:\\\/\\\/www.encontraaricanduva.com.br\\\/sobre\\\/cpf-passa-a-ser-obrigatorio-para-utilizacao-dos-servicos-no-cat-aricanduva\\\/#webpage\"},\"articleSection\":\"Not\\u00edcias Aricanduva\"},{\"@type\":\"BreadcrumbList\",\"@id\":\"https:\\\/\\\/www.encontraaricanduva.com.br\\\/sobre\\\/cpf-passa-a-ser-obrigatorio-para-utilizacao-dos-servicos-no-cat-aricanduva\\\/#breadcrumblist\",\"itemListElement\":[{\"@type\":\"ListItem\",\"@id\":\"https:\\\/\\\/www.encontraaricanduva.com.br\\\/sobre#listItem\",\"position\":1,\"name\":\"Home\",\"item\":\"https:\\\/\\\/www.encontraaricanduva.com.br\\\/sobre\",\"nextItem\":{\"@type\":\"ListItem\",\"@id\":\"https:\\\/\\\/www.encontraaricanduva.com.br\\\/sobre\\\/noticias-no-aricanduva\\\/#listItem\",\"name\":\"Not\\u00edcias Aricanduva\"}},{\"@type\":\"ListItem\",\"@id\":\"https:\\\/\\\/www.encontraaricanduva.com.br\\\/sobre\\\/noticias-no-aricanduva\\\/#listItem\",\"position\":2,\"name\":\"Not\\u00edcias Aricanduva\",\"item\":\"https:\\\/\\\/www.encontraaricanduva.com.br\\\/sobre\\\/noticias-no-aricanduva\\\/\",\"nextItem\":{\"@type\":\"ListItem\",\"@id\":\"https:\\\/\\\/www.encontraaricanduva.com.br\\\/sobre\\\/cpf-passa-a-ser-obrigatorio-para-utilizacao-dos-servicos-no-cat-aricanduva\\\/#listItem\",\"name\":\"CPF passa a ser obrigat\\u00f3rio para utiliza\\u00e7\\u00e3o dos servi\\u00e7os no CAT Aricanduva\"},\"previousItem\":{\"@type\":\"ListItem\",\"@id\":\"https:\\\/\\\/www.encontraaricanduva.com.br\\\/sobre#listItem\",\"name\":\"Home\"}},{\"@type\":\"ListItem\",\"@id\":\"https:\\\/\\\/www.encontraaricanduva.com.br\\\/sobre\\\/cpf-passa-a-ser-obrigatorio-para-utilizacao-dos-servicos-no-cat-aricanduva\\\/#listItem\",\"position\":3,\"name\":\"CPF passa a ser obrigat\\u00f3rio para utiliza\\u00e7\\u00e3o dos servi\\u00e7os no CAT Aricanduva\",\"previousItem\":{\"@type\":\"ListItem\",\"@id\":\"https:\\\/\\\/www.encontraaricanduva.com.br\\\/sobre\\\/noticias-no-aricanduva\\\/#listItem\",\"name\":\"Not\\u00edcias Aricanduva\"}}]},{\"@type\":\"Organization\",\"@id\":\"https:\\\/\\\/www.encontraaricanduva.com.br\\\/sobre\\\/#organization\",\"name\":\"Encontra Aricanduva\",\"description\":\"Not\\u00edcias, eventos, informa\\u00e7\\u00f5es e dicas no bairro do Aricanduva e regi\\u00e3o\",\"url\":\"https:\\\/\\\/www.encontraaricanduva.com.br\\\/sobre\\\/\"},{\"@type\":\"Person\",\"@id\":\"https:\\\/\\\/www.encontraaricanduva.com.br\\\/sobre\\\/author\\\/earicanduva\\\/#author\",\"url\":\"https:\\\/\\\/www.encontraaricanduva.com.br\\\/sobre\\\/author\\\/earicanduva\\\/\",\"name\":\"Encontra Aricanduva\",\"image\":{\"@type\":\"ImageObject\",\"@id\":\"https:\\\/\\\/www.encontraaricanduva.com.br\\\/sobre\\\/cpf-passa-a-ser-obrigatorio-para-utilizacao-dos-servicos-no-cat-aricanduva\\\/#authorImage\",\"url\":\"https:\\\/\\\/secure.gravatar.com\\\/avatar\\\/507340682b8270222e1f208e23198b6ae7e2c6a1033ae84e99bc6bce4f82a387?s=96&d=mm&r=g\",\"width\":96,\"height\":96,\"caption\":\"Encontra Aricanduva\"}},{\"@type\":\"WebPage\",\"@id\":\"https:\\\/\\\/www.encontraaricanduva.com.br\\\/sobre\\\/cpf-passa-a-ser-obrigatorio-para-utilizacao-dos-servicos-no-cat-aricanduva\\\/#webpage\",\"url\":\"https:\\\/\\\/www.encontraaricanduva.com.br\\\/sobre\\\/cpf-passa-a-ser-obrigatorio-para-utilizacao-dos-servicos-no-cat-aricanduva\\\/\",\"name\":\"CPF passa a ser obrigat\\u00f3rio para utiliza\\u00e7\\u00e3o dos servi\\u00e7os no CAT Aricanduva | Encontra Aricanduva\",\"description\":\"Desde o dia 11 de mar\\u00e7o, \\u00e9 obrigat\\u00f3ria a apresenta\\u00e7\\u00e3o do CPF para utiliza\\u00e7\\u00e3o dos servi\\u00e7os prestados nas unidades de atendimento do Centro de Apoio ao Trabalho (CAT), incluindo os m\\u00f3veis e o Itinerante. A obrigatoriedade veio juntamente com a nova vers\\u00e3o do Sigae- Sistema de Gest\\u00f5es de A\\u00e7\\u00f5es de Emprego, do Minist\\u00e9rio do Trabalho\",\"inLanguage\":\"pt-BR\",\"isPartOf\":{\"@id\":\"https:\\\/\\\/www.encontraaricanduva.com.br\\\/sobre\\\/#website\"},\"breadcrumb\":{\"@id\":\"https:\\\/\\\/www.encontraaricanduva.com.br\\\/sobre\\\/cpf-passa-a-ser-obrigatorio-para-utilizacao-dos-servicos-no-cat-aricanduva\\\/#breadcrumblist\"},\"author\":{\"@id\":\"https:\\\/\\\/www.encontraaricanduva.com.br\\\/sobre\\\/author\\\/earicanduva\\\/#author\"},\"creator\":{\"@id\":\"https:\\\/\\\/www.encontraaricanduva.com.br\\\/sobre\\\/author\\\/earicanduva\\\/#author\"},\"datePublished\":\"2011-03-18T15:34:36+00:00\",\"dateModified\":\"2013-08-12T18:32:49+00:00\"},{\"@type\":\"WebSite\",\"@id\":\"https:\\\/\\\/www.encontraaricanduva.com.br\\\/sobre\\\/#website\",\"url\":\"https:\\\/\\\/www.encontraaricanduva.com.br\\\/sobre\\\/\",\"name\":\"Encontra Aricanduva\",\"description\":\"Not\\u00edcias, eventos, informa\\u00e7\\u00f5es e dicas no bairro do Aricanduva e regi\\u00e3o\",\"inLanguage\":\"pt-BR\",\"publisher\":{\"@id\":\"https:\\\/\\\/www.encontraaricanduva.com.br\\\/sobre\\\/#organization\"}}]}\n\t\t<\/script>\n\t\t<!-- All in One SEO -->\n\n","aioseo_head_json":{"title":"CPF passa a ser obrigat\u00f3rio para utiliza\u00e7\u00e3o dos servi\u00e7os no CAT Aricanduva | Encontra Aricanduva","description":"Desde o dia 11 de mar\u00e7o, \u00e9 obrigat\u00f3ria a apresenta\u00e7\u00e3o do CPF para utiliza\u00e7\u00e3o dos servi\u00e7os prestados nas unidades de atendimento do Centro de Apoio ao Trabalho (CAT), incluindo os m\u00f3veis e o Itinerante. A obrigatoriedade veio juntamente com a nova vers\u00e3o do Sigae- Sistema de Gest\u00f5es de A\u00e7\u00f5es de Emprego, do Minist\u00e9rio do Trabalho","canonical_url":"https:\/\/www.encontraaricanduva.com.br\/sobre\/cpf-passa-a-ser-obrigatorio-para-utilizacao-dos-servicos-no-cat-aricanduva\/","robots":"max-image-preview:large","keywords":"","webmasterTools":{"miscellaneous":""},"schema":{"@context":"https:\/\/schema.org","@graph":[{"@type":"Article","@id":"https:\/\/www.encontraaricanduva.com.br\/sobre\/cpf-passa-a-ser-obrigatorio-para-utilizacao-dos-servicos-no-cat-aricanduva\/#article","name":"CPF passa a ser obrigat\u00f3rio para utiliza\u00e7\u00e3o dos servi\u00e7os no CAT Aricanduva | Encontra Aricanduva","headline":"CPF passa a ser obrigat\u00f3rio para utiliza\u00e7\u00e3o dos servi\u00e7os no CAT Aricanduva","author":{"@id":"https:\/\/www.encontraaricanduva.com.br\/sobre\/author\/earicanduva\/#author"},"publisher":{"@id":"https:\/\/www.encontraaricanduva.com.br\/sobre\/#organization"},"datePublished":"2011-03-18T15:34:36+00:00","dateModified":"2013-08-12T18:32:49+00:00","inLanguage":"pt-BR","mainEntityOfPage":{"@id":"https:\/\/www.encontraaricanduva.com.br\/sobre\/cpf-passa-a-ser-obrigatorio-para-utilizacao-dos-servicos-no-cat-aricanduva\/#webpage"},"isPartOf":{"@id":"https:\/\/www.encontraaricanduva.com.br\/sobre\/cpf-passa-a-ser-obrigatorio-para-utilizacao-dos-servicos-no-cat-aricanduva\/#webpage"},"articleSection":"Not\u00edcias Aricanduva"},{"@type":"BreadcrumbList","@id":"https:\/\/www.encontraaricanduva.com.br\/sobre\/cpf-passa-a-ser-obrigatorio-para-utilizacao-dos-servicos-no-cat-aricanduva\/#breadcrumblist","itemListElement":[{"@type":"ListItem","@id":"https:\/\/www.encontraaricanduva.com.br\/sobre#listItem","position":1,"name":"Home","item":"https:\/\/www.encontraaricanduva.com.br\/sobre","nextItem":{"@type":"ListItem","@id":"https:\/\/www.encontraaricanduva.com.br\/sobre\/noticias-no-aricanduva\/#listItem","name":"Not\u00edcias Aricanduva"}},{"@type":"ListItem","@id":"https:\/\/www.encontraaricanduva.com.br\/sobre\/noticias-no-aricanduva\/#listItem","position":2,"name":"Not\u00edcias Aricanduva","item":"https:\/\/www.encontraaricanduva.com.br\/sobre\/noticias-no-aricanduva\/","nextItem":{"@type":"ListItem","@id":"https:\/\/www.encontraaricanduva.com.br\/sobre\/cpf-passa-a-ser-obrigatorio-para-utilizacao-dos-servicos-no-cat-aricanduva\/#listItem","name":"CPF passa a ser obrigat\u00f3rio para utiliza\u00e7\u00e3o dos servi\u00e7os no CAT Aricanduva"},"previousItem":{"@type":"ListItem","@id":"https:\/\/www.encontraaricanduva.com.br\/sobre#listItem","name":"Home"}},{"@type":"ListItem","@id":"https:\/\/www.encontraaricanduva.com.br\/sobre\/cpf-passa-a-ser-obrigatorio-para-utilizacao-dos-servicos-no-cat-aricanduva\/#listItem","position":3,"name":"CPF passa a ser obrigat\u00f3rio para utiliza\u00e7\u00e3o dos servi\u00e7os no CAT Aricanduva","previousItem":{"@type":"ListItem","@id":"https:\/\/www.encontraaricanduva.com.br\/sobre\/noticias-no-aricanduva\/#listItem","name":"Not\u00edcias Aricanduva"}}]},{"@type":"Organization","@id":"https:\/\/www.encontraaricanduva.com.br\/sobre\/#organization","name":"Encontra Aricanduva","description":"Not\u00edcias, eventos, informa\u00e7\u00f5es e dicas no bairro do Aricanduva e regi\u00e3o","url":"https:\/\/www.encontraaricanduva.com.br\/sobre\/"},{"@type":"Person","@id":"https:\/\/www.encontraaricanduva.com.br\/sobre\/author\/earicanduva\/#author","url":"https:\/\/www.encontraaricanduva.com.br\/sobre\/author\/earicanduva\/","name":"Encontra Aricanduva","image":{"@type":"ImageObject","@id":"https:\/\/www.encontraaricanduva.com.br\/sobre\/cpf-passa-a-ser-obrigatorio-para-utilizacao-dos-servicos-no-cat-aricanduva\/#authorImage","url":"https:\/\/secure.gravatar.com\/avatar\/507340682b8270222e1f208e23198b6ae7e2c6a1033ae84e99bc6bce4f82a387?s=96&d=mm&r=g","width":96,"height":96,"caption":"Encontra Aricanduva"}},{"@type":"WebPage","@id":"https:\/\/www.encontraaricanduva.com.br\/sobre\/cpf-passa-a-ser-obrigatorio-para-utilizacao-dos-servicos-no-cat-aricanduva\/#webpage","url":"https:\/\/www.encontraaricanduva.com.br\/sobre\/cpf-passa-a-ser-obrigatorio-para-utilizacao-dos-servicos-no-cat-aricanduva\/","name":"CPF passa a ser obrigat\u00f3rio para utiliza\u00e7\u00e3o dos servi\u00e7os no CAT Aricanduva | Encontra Aricanduva","description":"Desde o dia 11 de mar\u00e7o, \u00e9 obrigat\u00f3ria a apresenta\u00e7\u00e3o do CPF para utiliza\u00e7\u00e3o dos servi\u00e7os prestados nas unidades de atendimento do Centro de Apoio ao Trabalho (CAT), incluindo os m\u00f3veis e o Itinerante. A obrigatoriedade veio juntamente com a nova vers\u00e3o do Sigae- Sistema de Gest\u00f5es de A\u00e7\u00f5es de Emprego, do Minist\u00e9rio do Trabalho","inLanguage":"pt-BR","isPartOf":{"@id":"https:\/\/www.encontraaricanduva.com.br\/sobre\/#website"},"breadcrumb":{"@id":"https:\/\/www.encontraaricanduva.com.br\/sobre\/cpf-passa-a-ser-obrigatorio-para-utilizacao-dos-servicos-no-cat-aricanduva\/#breadcrumblist"},"author":{"@id":"https:\/\/www.encontraaricanduva.com.br\/sobre\/author\/earicanduva\/#author"},"creator":{"@id":"https:\/\/www.encontraaricanduva.com.br\/sobre\/author\/earicanduva\/#author"},"datePublished":"2011-03-18T15:34:36+00:00","dateModified":"2013-08-12T18:32:49+00:00"},{"@type":"WebSite","@id":"https:\/\/www.encontraaricanduva.com.br\/sobre\/#website","url":"https:\/\/www.encontraaricanduva.com.br\/sobre\/","name":"Encontra Aricanduva","description":"Not\u00edcias, eventos, informa\u00e7\u00f5es e dicas no bairro do Aricanduva e regi\u00e3o","inLanguage":"pt-BR","publisher":{"@id":"https:\/\/www.encontraaricanduva.com.br\/sobre\/#organization"}}]},"og:locale":"pt_BR","og:site_name":"Encontra Aricanduva | Not\u00edcias, eventos, informa\u00e7\u00f5es e dicas no bairro do Aricanduva e regi\u00e3o","og:type":"article","og:title":"CPF passa a ser obrigat\u00f3rio para utiliza\u00e7\u00e3o dos servi\u00e7os no CAT Aricanduva | Encontra Aricanduva","og:description":"Desde o dia 11 de mar\u00e7o, \u00e9 obrigat\u00f3ria a apresenta\u00e7\u00e3o do CPF para utiliza\u00e7\u00e3o dos servi\u00e7os prestados nas unidades de atendimento do Centro de Apoio ao Trabalho (CAT), incluindo os m\u00f3veis e o Itinerante. A obrigatoriedade veio juntamente com a nova vers\u00e3o do Sigae- Sistema de Gest\u00f5es de A\u00e7\u00f5es de Emprego, do Minist\u00e9rio do Trabalho","og:url":"https:\/\/www.encontraaricanduva.com.br\/sobre\/cpf-passa-a-ser-obrigatorio-para-utilizacao-dos-servicos-no-cat-aricanduva\/","article:published_time":"2011-03-18T15:34:36+00:00","article:modified_time":"2013-08-12T18:32:49+00:00","twitter:card":"summary_large_image","twitter:title":"CPF passa a ser obrigat\u00f3rio para utiliza\u00e7\u00e3o dos servi\u00e7os no CAT Aricanduva | Encontra Aricanduva","twitter:description":"Desde o dia 11 de mar\u00e7o, \u00e9 obrigat\u00f3ria a apresenta\u00e7\u00e3o do CPF para utiliza\u00e7\u00e3o dos servi\u00e7os prestados nas unidades de atendimento do Centro de Apoio ao Trabalho (CAT), incluindo os m\u00f3veis e o Itinerante. A obrigatoriedade veio juntamente com a nova vers\u00e3o do Sigae- Sistema de Gest\u00f5es de A\u00e7\u00f5es de Emprego, do Minist\u00e9rio do Trabalho"},"aioseo_meta_data":{"post_id":"237","title":null,"description":null,"keywords":null,"keyphrases":null,"primary_term":null,"canonical_url":null,"og_title":null,"og_description":null,"og_object_type":"default","og_image_type":"default","og_image_url":null,"og_image_width":null,"og_image_height":null,"og_image_custom_url":null,"og_image_custom_fields":null,"og_video":null,"og_custom_url":null,"og_article_section":null,"og_article_tags":null,"twitter_use_og":false,"twitter_card":"default","twitter_image_type":"default","twitter_image_url":null,"twitter_image_custom_url":null,"twitter_image_custom_fields":null,"twitter_title":null,"twitter_description":null,"schema":{"blockGraphs":[],"customGraphs":[],"default":{"data":{"Article":[],"Course":[],"Dataset":[],"FAQPage":[],"Movie":[],"Person":[],"Product":[],"ProductReview":[],"Car":[],"Recipe":[],"Service":[],"SoftwareApplication":[],"WebPage":[]},"graphName":"Article","isEnabled":true},"graphs":[]},"schema_type":"default","schema_type_options":null,"pillar_content":false,"robots_default":true,"robots_noindex":false,"robots_noarchive":false,"robots_nosnippet":false,"robots_nofollow":false,"robots_noimageindex":false,"robots_noodp":false,"robots_notranslate":false,"robots_max_snippet":null,"robots_max_videopreview":null,"robots_max_imagepreview":"large","priority":null,"frequency":null,"local_seo":null,"breadcrumb_settings":null,"limit_modified_date":false,"ai":null,"created":"2024-08-15 19:12:34","updated":"2025-09-10 14:52:06","focus_keyword":null,"additional_keywords":null,"truseo_locale":null,"seo_analyzer_scan_date":null},"aioseo_breadcrumb":"<div class=\"aioseo-breadcrumbs\"><span class=\"aioseo-breadcrumb\">\n\t\t\t<a href=\"https:\/\/www.encontraaricanduva.com.br\/sobre\" title=\"Home\">Home<\/a>\n\t\t<\/span><span class=\"aioseo-breadcrumb-separator\">&raquo;<\/span><span class=\"aioseo-breadcrumb\">\n\t\t\t<a href=\"https:\/\/www.encontraaricanduva.com.br\/sobre\/noticias-no-aricanduva\/\" title=\"Not\u00edcias Aricanduva\">Not\u00edcias Aricanduva<\/a>\n\t\t<\/span><span class=\"aioseo-breadcrumb-separator\">&raquo;<\/span><span class=\"aioseo-breadcrumb\">\n\t\t\tCPF passa a ser obrigat\u00f3rio para utiliza\u00e7\u00e3o dos servi\u00e7os no CAT Aricanduva\n\t\t<\/span><\/div>","aioseo_breadcrumb_json":[{"label":"Home","link":"https:\/\/www.encontraaricanduva.com.br\/sobre"},{"label":"Not\u00edcias Aricanduva","link":"https:\/\/www.encontraaricanduva.com.br\/sobre\/noticias-no-aricanduva\/"},{"label":"CPF passa a ser obrigat\u00f3rio para utiliza\u00e7\u00e3o dos servi\u00e7os no CAT Aricanduva","link":"https:\/\/www.encontraaricanduva.com.br\/sobre\/cpf-passa-a-ser-obrigatorio-para-utilizacao-dos-servicos-no-cat-aricanduva\/"}],"_links":{"self":[{"href":"https:\/\/www.encontraaricanduva.com.br\/sobre\/wp-json\/wp\/v2\/posts\/237","targetHints":{"allow":["GET"]}}],"collection":[{"href":"https:\/\/www.encontraaricanduva.com.br\/sobre\/wp-json\/wp\/v2\/posts"}],"about":[{"href":"https:\/\/www.encontraaricanduva.com.br\/sobre\/wp-json\/wp\/v2\/types\/post"}],"author":[{"embeddable":true,"href":"https:\/\/www.encontraaricanduva.com.br\/sobre\/wp-json\/wp\/v2\/users\/1"}],"replies":[{"embeddable":true,"href":"https:\/\/www.encontraaricanduva.com.br\/sobre\/wp-json\/wp\/v2\/comments?post=237"}],"version-history":[{"count":0,"href":"https:\/\/www.encontraaricanduva.com.br\/sobre\/wp-json\/wp\/v2\/posts\/237\/revisions"}],"wp:attachment":[{"href":"https:\/\/www.encontraaricanduva.com.br\/sobre\/wp-json\/wp\/v2\/media?parent=237"}],"wp:term":[{"taxonomy":"category","embeddable":true,"href":"https:\/\/www.encontraaricanduva.com.br\/sobre\/wp-json\/wp\/v2\/categories?post=237"},{"taxonomy":"post_tag","embeddable":true,"href":"https:\/\/www.encontraaricanduva.com.br\/sobre\/wp-json\/wp\/v2\/tags?post=237"}],"curies":[{"name":"wp","href":"https:\/\/api.w.org\/{rel}","templated":true}]}}