{"id":228,"date":"2011-03-18T10:40:21","date_gmt":"2011-03-18T10:40:21","guid":{"rendered":"http:\/\/www.encontraaricanduva.com.br\/noticias\/?p=228"},"modified":"2013-08-12T18:31:58","modified_gmt":"2013-08-12T18:31:58","slug":"novo-posto-de-atendimento-do-detran-deve-ser-criado-no-bairro-do-aricanduva","status":"publish","type":"post","link":"https:\/\/www.encontraaricanduva.com.br\/sobre\/novo-posto-de-atendimento-do-detran-deve-ser-criado-no-bairro-do-aricanduva\/","title":{"rendered":"Novo posto de atendimento do DETRAN deve ser criado no bairro do Aricanduva"},"content":{"rendered":"<div class=\"0761f6a77d7312e6c166bb5f335a15c5\" data-index=\"1\" style=\"float: left; margin: 15px 15px 15px 0;\">\n<!-- EBR \/Novo-Bairro\/ 300x250 - pub-85 -->\r\n<ins class=\"adsbygoogle\"\r\n     style=\"display:inline-block;width:300px;height:250px\"\r\n     data-ad-client=\"ca-pub-8585364105181520\"\r\n     data-ad-slot=\"4691134188\"><\/ins>\r\n<script>\r\n(adsbygoogle = window.adsbygoogle || []).push({});\r\n<\/script>\r\n\n<\/div>\n<p>O governador de S\u00e3o Paulo, Geraldo Alckmin, assinou na manh\u00e3 desta  quinta-feira (16) um decreto que autoriza a reformula\u00e7\u00e3o do Departamento  Estadual de Tr\u00e2nsito (Detran). Anteriormente sob comando da Secretaria  da Seguran\u00e7a P\u00fablica, o \u00f3rg\u00e3o passa ser administrado pela Secretaria de  Gest\u00e3o P\u00fablica. A fase de transi\u00e7\u00e3o deve demorar 120 dias, mas at\u00e9 o fim  do ano as modifica\u00e7\u00f5es devem estar em vigor.<\/p>\n<p>O objetivo da reformula\u00e7\u00e3o \u00e9 dar Detran o padr\u00e3o Poupatempo de  atendimento, que se deve mais simples e r\u00e1pidos. O n\u00famero de servi\u00e7os  dispon\u00edveis via internet e por telefone tamb\u00e9m v\u00e3o aumentar. \u201cO objetivo  \u00e9 melhorar a qualidade do servi\u00e7o p\u00fablico, ser mais r\u00e1pido, mais  eficiente e desburocratizado, facilitar a vida das pessoas. \u00c9 o padr\u00e3o  Poupatempo\u201d, afirmou o governador ap\u00f3s a assinatura do decreto, no  Pal\u00e1cio dos Bandeirantes.<\/p>\n<p>A expectativa \u00e9 que a emiss\u00e3o da Carteira Nacional de Habilita\u00e7\u00e3o  definitiva e da segunda via do documento fique mais r\u00e1pida. O motorista  n\u00e3o precisar\u00e1 se dirigir mais ao Ciretran para renovar a sua permiss\u00e3o  para dirigir. Ele receber\u00e1 uma notifica\u00e7\u00e3o em domic\u00edlio e precisar\u00e1  apenas pagar uma taxa em uma ag\u00eancia banc\u00e1ria.<\/p>\n<p>O segundo objetivo da mudan\u00e7a \u00e9 liberar 1349 policiais civis (incluindo  delegados e investigadores), incorporados aos servi\u00e7os do Detran, para  que eles possam voltar a prestar servi\u00e7os na \u00e1rea de seguran\u00e7a p\u00fablica.  \u201cO segundo objetivo [da mudan\u00e7a] \u00e9 liberar a pol\u00edcia para o seu trabalho  de pol\u00edcia investigativa, pol\u00edcia judici\u00e1ria. Vamos liberar 1349  policiais para a seguran\u00e7a p\u00fablica\u201d, explicou.<\/p>\n<p>Funcion\u00e1rios p\u00fablicos estaduais afastados de suas fun\u00e7\u00f5es de origem,  como professores, devem ser remanejados para ocupar as novas vagas que  ser\u00e3o abertas. Por\u00e9m, o governo descarta a realiza\u00e7\u00e3o de concurso para  suprir as necessidades de m\u00e3o de obra.<\/p>\n<p>De acordo com Alckmin, as mudan\u00e7as d\u00e3o mais transpar\u00eancia e permitem  uma simplifica\u00e7\u00e3o de procedimentos, o que colabora com a redu\u00e7\u00e3o das  irregularidades. Quando questionado se a altera\u00e7\u00e3o tinha alguma rela\u00e7\u00e3o  com a Secretaria de Seguran\u00e7a P\u00fablica, ele negou. \u201cN\u00e3o, imagine, de  jeito nenhum\u201d, declarou.<\/p>\n<p>As investiga\u00e7\u00f5es de fraudes que aconteciam na Corregedoria do Detran  continuar\u00e3o sendo feitas, segundo Alckmin. \u201cN\u00e3o tem nenhuma mudan\u00e7a.  Continuar\u00e3o sendo feitas pela Secretaria de Seguran\u00e7a P\u00fablica\u201d, disse o  governador.<\/p>\n<p><strong>Postos de atendimento<\/strong><\/p>\n<p>Postos de atendimento do Detran na capital tamb\u00e9m ter\u00e3o mudan\u00e7as. Os  postos de Interlagos e Arm\u00eania tamb\u00e9m receber\u00e3o investimentos nos  pr\u00f3ximos meses. Um novo posto deve ser criado na regi\u00e3o de Aricanduva,  segundo novo coordenador do Detran, Daniel Annenberg, explicou que o  Poupatempo deve tamb\u00e9m incorporar novos servi\u00e7os.<br \/>\n<em><br \/>\nFonte: G1<\/em><\/p>\n\n<div style=\"font-size: 0px; height: 0px; line-height: 0px; margin: 0; padding: 0; clear: both;\"><\/div>","protected":false},"excerpt":{"rendered":"<p>O governador de S\u00e3o Paulo, Geraldo Alckmin, assinou na manh\u00e3 desta quinta-feira (16) um decreto que autoriza a reformula\u00e7\u00e3o do Departamento Estadual de Tr\u00e2nsito (Detran). Anteriormente sob comando da Secretaria da Seguran\u00e7a P\u00fablica, o \u00f3rg\u00e3o passa ser administrado pela Secretaria de Gest\u00e3o P\u00fablica. A fase de transi\u00e7\u00e3o deve demorar 120 dias, mas at\u00e9 o fim do ano as modifica\u00e7\u00f5es devem estar em vigor. O objetivo da reformula\u00e7\u00e3o \u00e9 dar Detran o padr\u00e3o Poupatempo de atendimento, que se deve mais simples e r\u00e1pidos. O n\u00famero de servi\u00e7os dispon\u00edveis via internet e por telefone tamb\u00e9m v\u00e3o aumentar. \u201cO objetivo \u00e9 melhorar a <\/p>\n","protected":false},"author":1,"featured_media":0,"comment_status":"open","ping_status":"open","sticky":false,"template":"","format":"standard","meta":{"footnotes":""},"categories":[9],"tags":[],"class_list":["post-228","post","type-post","status-publish","format-standard","hentry","category-noticias-no-aricanduva"],"aioseo_notices":[],"aioseo_head":"\n\t\t<!-- All in One SEO 5.0.0.1 - aioseo.com -->\n\t<meta name=\"description\" content=\"O governador de S\u00e3o Paulo, Geraldo Alckmin, assinou na manh\u00e3 desta quinta-feira (16) um decreto que autoriza a reformula\u00e7\u00e3o do Departamento Estadual de Tr\u00e2nsito (Detran). Anteriormente sob comando da Secretaria da Seguran\u00e7a P\u00fablica, o \u00f3rg\u00e3o passa ser administrado pela Secretaria de Gest\u00e3o P\u00fablica. A fase de transi\u00e7\u00e3o deve demorar 120 dias, mas at\u00e9 o fim\" \/>\n\t<meta name=\"robots\" content=\"max-image-preview:large\" \/>\n\t<meta name=\"author\" content=\"Encontra Aricanduva\"\/>\n\t<link rel=\"canonical\" href=\"https:\/\/www.encontraaricanduva.com.br\/sobre\/novo-posto-de-atendimento-do-detran-deve-ser-criado-no-bairro-do-aricanduva\/\" \/>\n\t<meta name=\"generator\" content=\"All in One SEO (AIOSEO) 5.0.0.1\" \/>\n\t\t<meta property=\"og:locale\" content=\"pt_BR\" \/>\n\t\t<meta property=\"og:site_name\" content=\"Encontra Aricanduva | Not\u00edcias, eventos, informa\u00e7\u00f5es e dicas no bairro do Aricanduva e regi\u00e3o\" \/>\n\t\t<meta property=\"og:type\" content=\"article\" \/>\n\t\t<meta property=\"og:title\" content=\"Novo posto de atendimento do DETRAN deve ser criado no bairro do Aricanduva | Encontra Aricanduva\" \/>\n\t\t<meta property=\"og:description\" content=\"O governador de S\u00e3o Paulo, Geraldo Alckmin, assinou na manh\u00e3 desta quinta-feira (16) um decreto que autoriza a reformula\u00e7\u00e3o do Departamento Estadual de Tr\u00e2nsito (Detran). Anteriormente sob comando da Secretaria da Seguran\u00e7a P\u00fablica, o \u00f3rg\u00e3o passa ser administrado pela Secretaria de Gest\u00e3o P\u00fablica. A fase de transi\u00e7\u00e3o deve demorar 120 dias, mas at\u00e9 o fim\" \/>\n\t\t<meta property=\"og:url\" content=\"https:\/\/www.encontraaricanduva.com.br\/sobre\/novo-posto-de-atendimento-do-detran-deve-ser-criado-no-bairro-do-aricanduva\/\" \/>\n\t\t<meta property=\"article:published_time\" content=\"2011-03-18T10:40:21+00:00\" \/>\n\t\t<meta property=\"article:modified_time\" content=\"2013-08-12T18:31:58+00:00\" \/>\n\t\t<meta name=\"twitter:card\" content=\"summary_large_image\" \/>\n\t\t<meta name=\"twitter:title\" content=\"Novo posto de atendimento do DETRAN deve ser criado no bairro do Aricanduva | Encontra Aricanduva\" \/>\n\t\t<meta name=\"twitter:description\" content=\"O governador de S\u00e3o Paulo, Geraldo Alckmin, assinou na manh\u00e3 desta quinta-feira (16) um decreto que autoriza a reformula\u00e7\u00e3o do Departamento Estadual de Tr\u00e2nsito (Detran). Anteriormente sob comando da Secretaria da Seguran\u00e7a P\u00fablica, o \u00f3rg\u00e3o passa ser administrado pela Secretaria de Gest\u00e3o P\u00fablica. A fase de transi\u00e7\u00e3o deve demorar 120 dias, mas at\u00e9 o fim\" \/>\n\t\t<script type=\"application\/ld+json\" class=\"aioseo-schema\">\n\t\t\t{\"@context\":\"https:\\\/\\\/schema.org\",\"@graph\":[{\"@type\":\"Article\",\"@id\":\"https:\\\/\\\/www.encontraaricanduva.com.br\\\/sobre\\\/novo-posto-de-atendimento-do-detran-deve-ser-criado-no-bairro-do-aricanduva\\\/#article\",\"name\":\"Novo posto de atendimento do DETRAN deve ser criado no bairro do Aricanduva | Encontra Aricanduva\",\"headline\":\"Novo posto de atendimento do DETRAN deve ser criado no bairro do Aricanduva\",\"author\":{\"@id\":\"https:\\\/\\\/www.encontraaricanduva.com.br\\\/sobre\\\/author\\\/earicanduva\\\/#author\"},\"publisher\":{\"@id\":\"https:\\\/\\\/www.encontraaricanduva.com.br\\\/sobre\\\/#organization\"},\"datePublished\":\"2011-03-18T10:40:21+00:00\",\"dateModified\":\"2013-08-12T18:31:58+00:00\",\"inLanguage\":\"pt-BR\",\"mainEntityOfPage\":{\"@id\":\"https:\\\/\\\/www.encontraaricanduva.com.br\\\/sobre\\\/novo-posto-de-atendimento-do-detran-deve-ser-criado-no-bairro-do-aricanduva\\\/#webpage\"},\"isPartOf\":{\"@id\":\"https:\\\/\\\/www.encontraaricanduva.com.br\\\/sobre\\\/novo-posto-de-atendimento-do-detran-deve-ser-criado-no-bairro-do-aricanduva\\\/#webpage\"},\"articleSection\":\"Not\\u00edcias Aricanduva\"},{\"@type\":\"BreadcrumbList\",\"@id\":\"https:\\\/\\\/www.encontraaricanduva.com.br\\\/sobre\\\/novo-posto-de-atendimento-do-detran-deve-ser-criado-no-bairro-do-aricanduva\\\/#breadcrumblist\",\"itemListElement\":[{\"@type\":\"ListItem\",\"@id\":\"https:\\\/\\\/www.encontraaricanduva.com.br\\\/sobre#listItem\",\"position\":1,\"name\":\"Home\",\"item\":\"https:\\\/\\\/www.encontraaricanduva.com.br\\\/sobre\",\"nextItem\":{\"@type\":\"ListItem\",\"@id\":\"https:\\\/\\\/www.encontraaricanduva.com.br\\\/sobre\\\/noticias-no-aricanduva\\\/#listItem\",\"name\":\"Not\\u00edcias Aricanduva\"}},{\"@type\":\"ListItem\",\"@id\":\"https:\\\/\\\/www.encontraaricanduva.com.br\\\/sobre\\\/noticias-no-aricanduva\\\/#listItem\",\"position\":2,\"name\":\"Not\\u00edcias Aricanduva\",\"item\":\"https:\\\/\\\/www.encontraaricanduva.com.br\\\/sobre\\\/noticias-no-aricanduva\\\/\",\"nextItem\":{\"@type\":\"ListItem\",\"@id\":\"https:\\\/\\\/www.encontraaricanduva.com.br\\\/sobre\\\/novo-posto-de-atendimento-do-detran-deve-ser-criado-no-bairro-do-aricanduva\\\/#listItem\",\"name\":\"Novo posto de atendimento do DETRAN deve ser criado no bairro do Aricanduva\"},\"previousItem\":{\"@type\":\"ListItem\",\"@id\":\"https:\\\/\\\/www.encontraaricanduva.com.br\\\/sobre#listItem\",\"name\":\"Home\"}},{\"@type\":\"ListItem\",\"@id\":\"https:\\\/\\\/www.encontraaricanduva.com.br\\\/sobre\\\/novo-posto-de-atendimento-do-detran-deve-ser-criado-no-bairro-do-aricanduva\\\/#listItem\",\"position\":3,\"name\":\"Novo posto de atendimento do DETRAN deve ser criado no bairro do Aricanduva\",\"previousItem\":{\"@type\":\"ListItem\",\"@id\":\"https:\\\/\\\/www.encontraaricanduva.com.br\\\/sobre\\\/noticias-no-aricanduva\\\/#listItem\",\"name\":\"Not\\u00edcias Aricanduva\"}}]},{\"@type\":\"Organization\",\"@id\":\"https:\\\/\\\/www.encontraaricanduva.com.br\\\/sobre\\\/#organization\",\"name\":\"Encontra Aricanduva\",\"description\":\"Not\\u00edcias, eventos, informa\\u00e7\\u00f5es e dicas no bairro do Aricanduva e regi\\u00e3o\",\"url\":\"https:\\\/\\\/www.encontraaricanduva.com.br\\\/sobre\\\/\"},{\"@type\":\"Person\",\"@id\":\"https:\\\/\\\/www.encontraaricanduva.com.br\\\/sobre\\\/author\\\/earicanduva\\\/#author\",\"url\":\"https:\\\/\\\/www.encontraaricanduva.com.br\\\/sobre\\\/author\\\/earicanduva\\\/\",\"name\":\"Encontra Aricanduva\",\"image\":{\"@type\":\"ImageObject\",\"@id\":\"https:\\\/\\\/www.encontraaricanduva.com.br\\\/sobre\\\/novo-posto-de-atendimento-do-detran-deve-ser-criado-no-bairro-do-aricanduva\\\/#authorImage\",\"url\":\"https:\\\/\\\/secure.gravatar.com\\\/avatar\\\/507340682b8270222e1f208e23198b6ae7e2c6a1033ae84e99bc6bce4f82a387?s=96&d=mm&r=g\",\"width\":96,\"height\":96,\"caption\":\"Encontra Aricanduva\"}},{\"@type\":\"WebPage\",\"@id\":\"https:\\\/\\\/www.encontraaricanduva.com.br\\\/sobre\\\/novo-posto-de-atendimento-do-detran-deve-ser-criado-no-bairro-do-aricanduva\\\/#webpage\",\"url\":\"https:\\\/\\\/www.encontraaricanduva.com.br\\\/sobre\\\/novo-posto-de-atendimento-do-detran-deve-ser-criado-no-bairro-do-aricanduva\\\/\",\"name\":\"Novo posto de atendimento do DETRAN deve ser criado no bairro do Aricanduva | Encontra Aricanduva\",\"description\":\"O governador de S\\u00e3o Paulo, Geraldo Alckmin, assinou na manh\\u00e3 desta quinta-feira (16) um decreto que autoriza a reformula\\u00e7\\u00e3o do Departamento Estadual de Tr\\u00e2nsito (Detran). Anteriormente sob comando da Secretaria da Seguran\\u00e7a P\\u00fablica, o \\u00f3rg\\u00e3o passa ser administrado pela Secretaria de Gest\\u00e3o P\\u00fablica. A fase de transi\\u00e7\\u00e3o deve demorar 120 dias, mas at\\u00e9 o fim\",\"inLanguage\":\"pt-BR\",\"isPartOf\":{\"@id\":\"https:\\\/\\\/www.encontraaricanduva.com.br\\\/sobre\\\/#website\"},\"breadcrumb\":{\"@id\":\"https:\\\/\\\/www.encontraaricanduva.com.br\\\/sobre\\\/novo-posto-de-atendimento-do-detran-deve-ser-criado-no-bairro-do-aricanduva\\\/#breadcrumblist\"},\"author\":{\"@id\":\"https:\\\/\\\/www.encontraaricanduva.com.br\\\/sobre\\\/author\\\/earicanduva\\\/#author\"},\"creator\":{\"@id\":\"https:\\\/\\\/www.encontraaricanduva.com.br\\\/sobre\\\/author\\\/earicanduva\\\/#author\"},\"datePublished\":\"2011-03-18T10:40:21+00:00\",\"dateModified\":\"2013-08-12T18:31:58+00:00\"},{\"@type\":\"WebSite\",\"@id\":\"https:\\\/\\\/www.encontraaricanduva.com.br\\\/sobre\\\/#website\",\"url\":\"https:\\\/\\\/www.encontraaricanduva.com.br\\\/sobre\\\/\",\"name\":\"Encontra Aricanduva\",\"description\":\"Not\\u00edcias, eventos, informa\\u00e7\\u00f5es e dicas no bairro do Aricanduva e regi\\u00e3o\",\"inLanguage\":\"pt-BR\",\"publisher\":{\"@id\":\"https:\\\/\\\/www.encontraaricanduva.com.br\\\/sobre\\\/#organization\"}}]}\n\t\t<\/script>\n\t\t<!-- All in One SEO -->\n\n","aioseo_head_json":{"title":"Novo posto de atendimento do DETRAN deve ser criado no bairro do Aricanduva | Encontra Aricanduva","description":"O governador de S\u00e3o Paulo, Geraldo Alckmin, assinou na manh\u00e3 desta quinta-feira (16) um decreto que autoriza a reformula\u00e7\u00e3o do Departamento Estadual de Tr\u00e2nsito (Detran). Anteriormente sob comando da Secretaria da Seguran\u00e7a P\u00fablica, o \u00f3rg\u00e3o passa ser administrado pela Secretaria de Gest\u00e3o P\u00fablica. A fase de transi\u00e7\u00e3o deve demorar 120 dias, mas at\u00e9 o fim","canonical_url":"https:\/\/www.encontraaricanduva.com.br\/sobre\/novo-posto-de-atendimento-do-detran-deve-ser-criado-no-bairro-do-aricanduva\/","robots":"max-image-preview:large","keywords":"","webmasterTools":{"miscellaneous":""},"schema":{"@context":"https:\/\/schema.org","@graph":[{"@type":"Article","@id":"https:\/\/www.encontraaricanduva.com.br\/sobre\/novo-posto-de-atendimento-do-detran-deve-ser-criado-no-bairro-do-aricanduva\/#article","name":"Novo posto de atendimento do DETRAN deve ser criado no bairro do Aricanduva | Encontra Aricanduva","headline":"Novo posto de atendimento do DETRAN deve ser criado no bairro do Aricanduva","author":{"@id":"https:\/\/www.encontraaricanduva.com.br\/sobre\/author\/earicanduva\/#author"},"publisher":{"@id":"https:\/\/www.encontraaricanduva.com.br\/sobre\/#organization"},"datePublished":"2011-03-18T10:40:21+00:00","dateModified":"2013-08-12T18:31:58+00:00","inLanguage":"pt-BR","mainEntityOfPage":{"@id":"https:\/\/www.encontraaricanduva.com.br\/sobre\/novo-posto-de-atendimento-do-detran-deve-ser-criado-no-bairro-do-aricanduva\/#webpage"},"isPartOf":{"@id":"https:\/\/www.encontraaricanduva.com.br\/sobre\/novo-posto-de-atendimento-do-detran-deve-ser-criado-no-bairro-do-aricanduva\/#webpage"},"articleSection":"Not\u00edcias Aricanduva"},{"@type":"BreadcrumbList","@id":"https:\/\/www.encontraaricanduva.com.br\/sobre\/novo-posto-de-atendimento-do-detran-deve-ser-criado-no-bairro-do-aricanduva\/#breadcrumblist","itemListElement":[{"@type":"ListItem","@id":"https:\/\/www.encontraaricanduva.com.br\/sobre#listItem","position":1,"name":"Home","item":"https:\/\/www.encontraaricanduva.com.br\/sobre","nextItem":{"@type":"ListItem","@id":"https:\/\/www.encontraaricanduva.com.br\/sobre\/noticias-no-aricanduva\/#listItem","name":"Not\u00edcias Aricanduva"}},{"@type":"ListItem","@id":"https:\/\/www.encontraaricanduva.com.br\/sobre\/noticias-no-aricanduva\/#listItem","position":2,"name":"Not\u00edcias Aricanduva","item":"https:\/\/www.encontraaricanduva.com.br\/sobre\/noticias-no-aricanduva\/","nextItem":{"@type":"ListItem","@id":"https:\/\/www.encontraaricanduva.com.br\/sobre\/novo-posto-de-atendimento-do-detran-deve-ser-criado-no-bairro-do-aricanduva\/#listItem","name":"Novo posto de atendimento do DETRAN deve ser criado no bairro do Aricanduva"},"previousItem":{"@type":"ListItem","@id":"https:\/\/www.encontraaricanduva.com.br\/sobre#listItem","name":"Home"}},{"@type":"ListItem","@id":"https:\/\/www.encontraaricanduva.com.br\/sobre\/novo-posto-de-atendimento-do-detran-deve-ser-criado-no-bairro-do-aricanduva\/#listItem","position":3,"name":"Novo posto de atendimento do DETRAN deve ser criado no bairro do Aricanduva","previousItem":{"@type":"ListItem","@id":"https:\/\/www.encontraaricanduva.com.br\/sobre\/noticias-no-aricanduva\/#listItem","name":"Not\u00edcias Aricanduva"}}]},{"@type":"Organization","@id":"https:\/\/www.encontraaricanduva.com.br\/sobre\/#organization","name":"Encontra Aricanduva","description":"Not\u00edcias, eventos, informa\u00e7\u00f5es e dicas no bairro do Aricanduva e regi\u00e3o","url":"https:\/\/www.encontraaricanduva.com.br\/sobre\/"},{"@type":"Person","@id":"https:\/\/www.encontraaricanduva.com.br\/sobre\/author\/earicanduva\/#author","url":"https:\/\/www.encontraaricanduva.com.br\/sobre\/author\/earicanduva\/","name":"Encontra Aricanduva","image":{"@type":"ImageObject","@id":"https:\/\/www.encontraaricanduva.com.br\/sobre\/novo-posto-de-atendimento-do-detran-deve-ser-criado-no-bairro-do-aricanduva\/#authorImage","url":"https:\/\/secure.gravatar.com\/avatar\/507340682b8270222e1f208e23198b6ae7e2c6a1033ae84e99bc6bce4f82a387?s=96&d=mm&r=g","width":96,"height":96,"caption":"Encontra Aricanduva"}},{"@type":"WebPage","@id":"https:\/\/www.encontraaricanduva.com.br\/sobre\/novo-posto-de-atendimento-do-detran-deve-ser-criado-no-bairro-do-aricanduva\/#webpage","url":"https:\/\/www.encontraaricanduva.com.br\/sobre\/novo-posto-de-atendimento-do-detran-deve-ser-criado-no-bairro-do-aricanduva\/","name":"Novo posto de atendimento do DETRAN deve ser criado no bairro do Aricanduva | Encontra Aricanduva","description":"O governador de S\u00e3o Paulo, Geraldo Alckmin, assinou na manh\u00e3 desta quinta-feira (16) um decreto que autoriza a reformula\u00e7\u00e3o do Departamento Estadual de Tr\u00e2nsito (Detran). Anteriormente sob comando da Secretaria da Seguran\u00e7a P\u00fablica, o \u00f3rg\u00e3o passa ser administrado pela Secretaria de Gest\u00e3o P\u00fablica. A fase de transi\u00e7\u00e3o deve demorar 120 dias, mas at\u00e9 o fim","inLanguage":"pt-BR","isPartOf":{"@id":"https:\/\/www.encontraaricanduva.com.br\/sobre\/#website"},"breadcrumb":{"@id":"https:\/\/www.encontraaricanduva.com.br\/sobre\/novo-posto-de-atendimento-do-detran-deve-ser-criado-no-bairro-do-aricanduva\/#breadcrumblist"},"author":{"@id":"https:\/\/www.encontraaricanduva.com.br\/sobre\/author\/earicanduva\/#author"},"creator":{"@id":"https:\/\/www.encontraaricanduva.com.br\/sobre\/author\/earicanduva\/#author"},"datePublished":"2011-03-18T10:40:21+00:00","dateModified":"2013-08-12T18:31:58+00:00"},{"@type":"WebSite","@id":"https:\/\/www.encontraaricanduva.com.br\/sobre\/#website","url":"https:\/\/www.encontraaricanduva.com.br\/sobre\/","name":"Encontra Aricanduva","description":"Not\u00edcias, eventos, informa\u00e7\u00f5es e dicas no bairro do Aricanduva e regi\u00e3o","inLanguage":"pt-BR","publisher":{"@id":"https:\/\/www.encontraaricanduva.com.br\/sobre\/#organization"}}]},"og:locale":"pt_BR","og:site_name":"Encontra Aricanduva | Not\u00edcias, eventos, informa\u00e7\u00f5es e dicas no bairro do Aricanduva e regi\u00e3o","og:type":"article","og:title":"Novo posto de atendimento do DETRAN deve ser criado no bairro do Aricanduva | Encontra Aricanduva","og:description":"O governador de S\u00e3o Paulo, Geraldo Alckmin, assinou na manh\u00e3 desta quinta-feira (16) um decreto que autoriza a reformula\u00e7\u00e3o do Departamento Estadual de Tr\u00e2nsito (Detran). Anteriormente sob comando da Secretaria da Seguran\u00e7a P\u00fablica, o \u00f3rg\u00e3o passa ser administrado pela Secretaria de Gest\u00e3o P\u00fablica. A fase de transi\u00e7\u00e3o deve demorar 120 dias, mas at\u00e9 o fim","og:url":"https:\/\/www.encontraaricanduva.com.br\/sobre\/novo-posto-de-atendimento-do-detran-deve-ser-criado-no-bairro-do-aricanduva\/","article:published_time":"2011-03-18T10:40:21+00:00","article:modified_time":"2013-08-12T18:31:58+00:00","twitter:card":"summary_large_image","twitter:title":"Novo posto de atendimento do DETRAN deve ser criado no bairro do Aricanduva | Encontra Aricanduva","twitter:description":"O governador de S\u00e3o Paulo, Geraldo Alckmin, assinou na manh\u00e3 desta quinta-feira (16) um decreto que autoriza a reformula\u00e7\u00e3o do Departamento Estadual de Tr\u00e2nsito (Detran). Anteriormente sob comando da Secretaria da Seguran\u00e7a P\u00fablica, o \u00f3rg\u00e3o passa ser administrado pela Secretaria de Gest\u00e3o P\u00fablica. A fase de transi\u00e7\u00e3o deve demorar 120 dias, mas at\u00e9 o fim"},"aioseo_meta_data":{"post_id":"228","title":null,"description":null,"keywords":null,"keyphrases":null,"primary_term":null,"canonical_url":null,"og_title":null,"og_description":null,"og_object_type":"default","og_image_type":"default","og_image_url":null,"og_image_width":null,"og_image_height":null,"og_image_custom_url":null,"og_image_custom_fields":null,"og_video":null,"og_custom_url":null,"og_article_section":null,"og_article_tags":null,"twitter_use_og":false,"twitter_card":"default","twitter_image_type":"default","twitter_image_url":null,"twitter_image_custom_url":null,"twitter_image_custom_fields":null,"twitter_title":null,"twitter_description":null,"schema":{"blockGraphs":[],"customGraphs":[],"default":{"data":{"Article":[],"Course":[],"Dataset":[],"FAQPage":[],"Movie":[],"Person":[],"Product":[],"ProductReview":[],"Car":[],"Recipe":[],"Service":[],"SoftwareApplication":[],"WebPage":[]},"graphName":"Article","isEnabled":true},"graphs":[]},"schema_type":"default","schema_type_options":null,"pillar_content":false,"robots_default":true,"robots_noindex":false,"robots_noarchive":false,"robots_nosnippet":false,"robots_nofollow":false,"robots_noimageindex":false,"robots_noodp":false,"robots_notranslate":false,"robots_max_snippet":null,"robots_max_videopreview":null,"robots_max_imagepreview":"large","priority":null,"frequency":null,"local_seo":null,"breadcrumb_settings":null,"limit_modified_date":false,"ai":null,"created":"2024-08-15 20:08:12","updated":"2025-09-10 14:52:06","focus_keyword":null,"additional_keywords":null,"truseo_locale":null,"seo_analyzer_scan_date":null},"aioseo_breadcrumb":"<div class=\"aioseo-breadcrumbs\"><span class=\"aioseo-breadcrumb\">\n\t\t\t<a href=\"https:\/\/www.encontraaricanduva.com.br\/sobre\" title=\"Home\">Home<\/a>\n\t\t<\/span><span class=\"aioseo-breadcrumb-separator\">&raquo;<\/span><span class=\"aioseo-breadcrumb\">\n\t\t\t<a href=\"https:\/\/www.encontraaricanduva.com.br\/sobre\/noticias-no-aricanduva\/\" title=\"Not\u00edcias Aricanduva\">Not\u00edcias Aricanduva<\/a>\n\t\t<\/span><span class=\"aioseo-breadcrumb-separator\">&raquo;<\/span><span class=\"aioseo-breadcrumb\">\n\t\t\tNovo posto de atendimento do DETRAN deve ser criado no bairro do Aricanduva\n\t\t<\/span><\/div>","aioseo_breadcrumb_json":[{"label":"Home","link":"https:\/\/www.encontraaricanduva.com.br\/sobre"},{"label":"Not\u00edcias Aricanduva","link":"https:\/\/www.encontraaricanduva.com.br\/sobre\/noticias-no-aricanduva\/"},{"label":"Novo posto de atendimento do DETRAN deve ser criado no bairro do Aricanduva","link":"https:\/\/www.encontraaricanduva.com.br\/sobre\/novo-posto-de-atendimento-do-detran-deve-ser-criado-no-bairro-do-aricanduva\/"}],"_links":{"self":[{"href":"https:\/\/www.encontraaricanduva.com.br\/sobre\/wp-json\/wp\/v2\/posts\/228","targetHints":{"allow":["GET"]}}],"collection":[{"href":"https:\/\/www.encontraaricanduva.com.br\/sobre\/wp-json\/wp\/v2\/posts"}],"about":[{"href":"https:\/\/www.encontraaricanduva.com.br\/sobre\/wp-json\/wp\/v2\/types\/post"}],"author":[{"embeddable":true,"href":"https:\/\/www.encontraaricanduva.com.br\/sobre\/wp-json\/wp\/v2\/users\/1"}],"replies":[{"embeddable":true,"href":"https:\/\/www.encontraaricanduva.com.br\/sobre\/wp-json\/wp\/v2\/comments?post=228"}],"version-history":[{"count":0,"href":"https:\/\/www.encontraaricanduva.com.br\/sobre\/wp-json\/wp\/v2\/posts\/228\/revisions"}],"wp:attachment":[{"href":"https:\/\/www.encontraaricanduva.com.br\/sobre\/wp-json\/wp\/v2\/media?parent=228"}],"wp:term":[{"taxonomy":"category","embeddable":true,"href":"https:\/\/www.encontraaricanduva.com.br\/sobre\/wp-json\/wp\/v2\/categories?post=228"},{"taxonomy":"post_tag","embeddable":true,"href":"https:\/\/www.encontraaricanduva.com.br\/sobre\/wp-json\/wp\/v2\/tags?post=228"}],"curies":[{"name":"wp","href":"https:\/\/api.w.org\/{rel}","templated":true}]}}