{"id":209,"date":"2011-03-02T15:06:41","date_gmt":"2011-03-02T15:06:41","guid":{"rendered":"http:\/\/www.encontraaricanduva.com.br\/noticias\/?p=209"},"modified":"2011-03-01T15:06:50","modified_gmt":"2011-03-01T15:06:50","slug":"subprefeitura-de-aricanduva-promove-o-projeto-cultura-na-praca-na-vila-formosa-2","status":"publish","type":"post","link":"https:\/\/www.encontraaricanduva.com.br\/sobre\/subprefeitura-de-aricanduva-promove-o-projeto-cultura-na-praca-na-vila-formosa-2\/","title":{"rendered":"Subprefeitura de Aricanduva promove o projeto Cultura na Pra\u00e7a, na Vila Formosa"},"content":{"rendered":"<div class=\"0761f6a77d7312e6c166bb5f335a15c5\" data-index=\"1\" style=\"float: left; margin: 15px 15px 15px 0;\">\n<!-- EBR \/Novo-Bairro\/ 300x250 - pub-85 -->\r\n<ins class=\"adsbygoogle\"\r\n     style=\"display:inline-block;width:300px;height:250px\"\r\n     data-ad-client=\"ca-pub-8585364105181520\"\r\n     data-ad-slot=\"4691134188\"><\/ins>\r\n<script>\r\n(adsbygoogle = window.adsbygoogle || []).push({});\r\n<\/script>\r\n\n<\/div>\n<p>O projeto Cultura na Pra\u00e7a chega ao bairro de Vila Formosa s\u00e1bado (26\/2)  com programa\u00e7\u00e3o musical e educativa aberta ao p\u00fablico. A Supervis\u00e3o de  Cultura da Subprefeitura da Aricanduva\/Formosa\/Carr\u00e3o realiza o  programa, este ano, com o tema Festa da Amizade, na Pra\u00e7a Sampaio Vidal.<\/p>\n<p>O  evento reunir\u00e1 artistas de diversos estilos musicais. Apresenta\u00e7\u00f5es de  rock, pagode, reggae e rap far\u00e3o parte da festa, al\u00e9m de palestra sobre  depend\u00eancia qu\u00edmica, ministrada por Jos\u00e9 Santana.<\/p>\n<p>Cultura na  Pra\u00e7a tem como objetivo abrir espa\u00e7o aos artistas da regi\u00e3o que querem  compartilhar seu talento com o bairro. O encontro \u00e9 gratuito, com in\u00edcio  \u00e0s 13h e t\u00e9rmino \u00e0s 18h.<\/p>\n<p>Servi\u00e7o<\/p>\n<p>Cultura na Pra\u00e7a \u2013 Festa da Amizade<br \/>\nData: 26 de fevereiro<br \/>\nHor\u00e1rio: 13h \u00e0s 18h<br \/>\nLocal: Pra\u00e7a Sampaio Vidal<\/p>\n<p><em>Fonte: Prefeitura de S. Paulo <\/em><\/p>\n\n<div style=\"font-size: 0px; height: 0px; line-height: 0px; margin: 0; padding: 0; clear: both;\"><\/div>","protected":false},"excerpt":{"rendered":"<p>O projeto Cultura na Pra\u00e7a chega ao bairro de Vila Formosa s\u00e1bado (26\/2) com programa\u00e7\u00e3o musical e educativa aberta ao p\u00fablico. A Supervis\u00e3o de Cultura da Subprefeitura da Aricanduva\/Formosa\/Carr\u00e3o realiza o programa, este ano, com o tema Festa da Amizade, na Pra\u00e7a Sampaio Vidal. O evento reunir\u00e1 artistas de diversos estilos musicais. Apresenta\u00e7\u00f5es de rock, pagode, reggae e rap far\u00e3o parte da festa, al\u00e9m de palestra sobre depend\u00eancia qu\u00edmica, ministrada por Jos\u00e9 Santana. Cultura na Pra\u00e7a tem como objetivo abrir espa\u00e7o aos artistas da regi\u00e3o que querem compartilhar seu talento com o bairro. O encontro \u00e9 gratuito, com in\u00edcio \u00e0s <\/p>\n","protected":false},"author":1,"featured_media":0,"comment_status":"open","ping_status":"open","sticky":false,"template":"","format":"standard","meta":{"footnotes":""},"categories":[9],"tags":[],"class_list":["post-209","post","type-post","status-publish","format-standard","hentry","category-noticias-no-aricanduva"],"aioseo_notices":[],"aioseo_head":"\n\t\t<!-- All in One SEO 5.0.0.1 - aioseo.com -->\n\t<meta name=\"description\" content=\"O projeto Cultura na Pra\u00e7a chega ao bairro de Vila Formosa s\u00e1bado (26\/2) com programa\u00e7\u00e3o musical e educativa aberta ao p\u00fablico. A Supervis\u00e3o de Cultura da Subprefeitura da Aricanduva\/Formosa\/Carr\u00e3o realiza o programa, este ano, com o tema Festa da Amizade, na Pra\u00e7a Sampaio Vidal. O evento reunir\u00e1 artistas de diversos estilos musicais. Apresenta\u00e7\u00f5es de rock,\" \/>\n\t<meta name=\"robots\" content=\"max-image-preview:large\" \/>\n\t<meta name=\"author\" content=\"Encontra Aricanduva\"\/>\n\t<link rel=\"canonical\" href=\"https:\/\/www.encontraaricanduva.com.br\/sobre\/subprefeitura-de-aricanduva-promove-o-projeto-cultura-na-praca-na-vila-formosa-2\/\" \/>\n\t<meta name=\"generator\" content=\"All in One SEO (AIOSEO) 5.0.0.1\" \/>\n\t\t<meta property=\"og:locale\" content=\"pt_BR\" \/>\n\t\t<meta property=\"og:site_name\" content=\"Encontra Aricanduva | Not\u00edcias, eventos, informa\u00e7\u00f5es e dicas no bairro do Aricanduva e regi\u00e3o\" \/>\n\t\t<meta property=\"og:type\" content=\"article\" \/>\n\t\t<meta property=\"og:title\" content=\"Subprefeitura de Aricanduva promove o projeto Cultura na Pra\u00e7a, na Vila Formosa | Encontra Aricanduva\" \/>\n\t\t<meta property=\"og:description\" content=\"O projeto Cultura na Pra\u00e7a chega ao bairro de Vila Formosa s\u00e1bado (26\/2) com programa\u00e7\u00e3o musical e educativa aberta ao p\u00fablico. A Supervis\u00e3o de Cultura da Subprefeitura da Aricanduva\/Formosa\/Carr\u00e3o realiza o programa, este ano, com o tema Festa da Amizade, na Pra\u00e7a Sampaio Vidal. O evento reunir\u00e1 artistas de diversos estilos musicais. Apresenta\u00e7\u00f5es de rock,\" \/>\n\t\t<meta property=\"og:url\" content=\"https:\/\/www.encontraaricanduva.com.br\/sobre\/subprefeitura-de-aricanduva-promove-o-projeto-cultura-na-praca-na-vila-formosa-2\/\" \/>\n\t\t<meta property=\"article:published_time\" content=\"2011-03-02T15:06:41+00:00\" \/>\n\t\t<meta property=\"article:modified_time\" content=\"2011-03-01T15:06:50+00:00\" \/>\n\t\t<meta name=\"twitter:card\" content=\"summary_large_image\" \/>\n\t\t<meta name=\"twitter:title\" content=\"Subprefeitura de Aricanduva promove o projeto Cultura na Pra\u00e7a, na Vila Formosa | Encontra Aricanduva\" \/>\n\t\t<meta name=\"twitter:description\" content=\"O projeto Cultura na Pra\u00e7a chega ao bairro de Vila Formosa s\u00e1bado (26\/2) com programa\u00e7\u00e3o musical e educativa aberta ao p\u00fablico. A Supervis\u00e3o de Cultura da Subprefeitura da Aricanduva\/Formosa\/Carr\u00e3o realiza o programa, este ano, com o tema Festa da Amizade, na Pra\u00e7a Sampaio Vidal. O evento reunir\u00e1 artistas de diversos estilos musicais. Apresenta\u00e7\u00f5es de rock,\" \/>\n\t\t<script type=\"application\/ld+json\" class=\"aioseo-schema\">\n\t\t\t{\"@context\":\"https:\\\/\\\/schema.org\",\"@graph\":[{\"@type\":\"Article\",\"@id\":\"https:\\\/\\\/www.encontraaricanduva.com.br\\\/sobre\\\/subprefeitura-de-aricanduva-promove-o-projeto-cultura-na-praca-na-vila-formosa-2\\\/#article\",\"name\":\"Subprefeitura de Aricanduva promove o projeto Cultura na Pra\\u00e7a, na Vila Formosa | Encontra Aricanduva\",\"headline\":\"Subprefeitura de Aricanduva promove o projeto Cultura na Pra\\u00e7a, na Vila Formosa\",\"author\":{\"@id\":\"https:\\\/\\\/www.encontraaricanduva.com.br\\\/sobre\\\/author\\\/earicanduva\\\/#author\"},\"publisher\":{\"@id\":\"https:\\\/\\\/www.encontraaricanduva.com.br\\\/sobre\\\/#organization\"},\"datePublished\":\"2011-03-02T15:06:41+00:00\",\"dateModified\":\"2011-03-01T15:06:50+00:00\",\"inLanguage\":\"pt-BR\",\"mainEntityOfPage\":{\"@id\":\"https:\\\/\\\/www.encontraaricanduva.com.br\\\/sobre\\\/subprefeitura-de-aricanduva-promove-o-projeto-cultura-na-praca-na-vila-formosa-2\\\/#webpage\"},\"isPartOf\":{\"@id\":\"https:\\\/\\\/www.encontraaricanduva.com.br\\\/sobre\\\/subprefeitura-de-aricanduva-promove-o-projeto-cultura-na-praca-na-vila-formosa-2\\\/#webpage\"},\"articleSection\":\"Not\\u00edcias Aricanduva\"},{\"@type\":\"BreadcrumbList\",\"@id\":\"https:\\\/\\\/www.encontraaricanduva.com.br\\\/sobre\\\/subprefeitura-de-aricanduva-promove-o-projeto-cultura-na-praca-na-vila-formosa-2\\\/#breadcrumblist\",\"itemListElement\":[{\"@type\":\"ListItem\",\"@id\":\"https:\\\/\\\/www.encontraaricanduva.com.br\\\/sobre#listItem\",\"position\":1,\"name\":\"Home\",\"item\":\"https:\\\/\\\/www.encontraaricanduva.com.br\\\/sobre\",\"nextItem\":{\"@type\":\"ListItem\",\"@id\":\"https:\\\/\\\/www.encontraaricanduva.com.br\\\/sobre\\\/noticias-no-aricanduva\\\/#listItem\",\"name\":\"Not\\u00edcias Aricanduva\"}},{\"@type\":\"ListItem\",\"@id\":\"https:\\\/\\\/www.encontraaricanduva.com.br\\\/sobre\\\/noticias-no-aricanduva\\\/#listItem\",\"position\":2,\"name\":\"Not\\u00edcias Aricanduva\",\"item\":\"https:\\\/\\\/www.encontraaricanduva.com.br\\\/sobre\\\/noticias-no-aricanduva\\\/\",\"nextItem\":{\"@type\":\"ListItem\",\"@id\":\"https:\\\/\\\/www.encontraaricanduva.com.br\\\/sobre\\\/subprefeitura-de-aricanduva-promove-o-projeto-cultura-na-praca-na-vila-formosa-2\\\/#listItem\",\"name\":\"Subprefeitura de Aricanduva promove o projeto Cultura na Pra\\u00e7a, na Vila Formosa\"},\"previousItem\":{\"@type\":\"ListItem\",\"@id\":\"https:\\\/\\\/www.encontraaricanduva.com.br\\\/sobre#listItem\",\"name\":\"Home\"}},{\"@type\":\"ListItem\",\"@id\":\"https:\\\/\\\/www.encontraaricanduva.com.br\\\/sobre\\\/subprefeitura-de-aricanduva-promove-o-projeto-cultura-na-praca-na-vila-formosa-2\\\/#listItem\",\"position\":3,\"name\":\"Subprefeitura de Aricanduva promove o projeto Cultura na Pra\\u00e7a, na Vila Formosa\",\"previousItem\":{\"@type\":\"ListItem\",\"@id\":\"https:\\\/\\\/www.encontraaricanduva.com.br\\\/sobre\\\/noticias-no-aricanduva\\\/#listItem\",\"name\":\"Not\\u00edcias Aricanduva\"}}]},{\"@type\":\"Organization\",\"@id\":\"https:\\\/\\\/www.encontraaricanduva.com.br\\\/sobre\\\/#organization\",\"name\":\"Encontra Aricanduva\",\"description\":\"Not\\u00edcias, eventos, informa\\u00e7\\u00f5es e dicas no bairro do Aricanduva e regi\\u00e3o\",\"url\":\"https:\\\/\\\/www.encontraaricanduva.com.br\\\/sobre\\\/\"},{\"@type\":\"Person\",\"@id\":\"https:\\\/\\\/www.encontraaricanduva.com.br\\\/sobre\\\/author\\\/earicanduva\\\/#author\",\"url\":\"https:\\\/\\\/www.encontraaricanduva.com.br\\\/sobre\\\/author\\\/earicanduva\\\/\",\"name\":\"Encontra Aricanduva\",\"image\":{\"@type\":\"ImageObject\",\"@id\":\"https:\\\/\\\/www.encontraaricanduva.com.br\\\/sobre\\\/subprefeitura-de-aricanduva-promove-o-projeto-cultura-na-praca-na-vila-formosa-2\\\/#authorImage\",\"url\":\"https:\\\/\\\/secure.gravatar.com\\\/avatar\\\/507340682b8270222e1f208e23198b6ae7e2c6a1033ae84e99bc6bce4f82a387?s=96&d=mm&r=g\",\"width\":96,\"height\":96,\"caption\":\"Encontra Aricanduva\"}},{\"@type\":\"WebPage\",\"@id\":\"https:\\\/\\\/www.encontraaricanduva.com.br\\\/sobre\\\/subprefeitura-de-aricanduva-promove-o-projeto-cultura-na-praca-na-vila-formosa-2\\\/#webpage\",\"url\":\"https:\\\/\\\/www.encontraaricanduva.com.br\\\/sobre\\\/subprefeitura-de-aricanduva-promove-o-projeto-cultura-na-praca-na-vila-formosa-2\\\/\",\"name\":\"Subprefeitura de Aricanduva promove o projeto Cultura na Pra\\u00e7a, na Vila Formosa | Encontra Aricanduva\",\"description\":\"O projeto Cultura na Pra\\u00e7a chega ao bairro de Vila Formosa s\\u00e1bado (26\\\/2) com programa\\u00e7\\u00e3o musical e educativa aberta ao p\\u00fablico. A Supervis\\u00e3o de Cultura da Subprefeitura da Aricanduva\\\/Formosa\\\/Carr\\u00e3o realiza o programa, este ano, com o tema Festa da Amizade, na Pra\\u00e7a Sampaio Vidal. O evento reunir\\u00e1 artistas de diversos estilos musicais. Apresenta\\u00e7\\u00f5es de rock,\",\"inLanguage\":\"pt-BR\",\"isPartOf\":{\"@id\":\"https:\\\/\\\/www.encontraaricanduva.com.br\\\/sobre\\\/#website\"},\"breadcrumb\":{\"@id\":\"https:\\\/\\\/www.encontraaricanduva.com.br\\\/sobre\\\/subprefeitura-de-aricanduva-promove-o-projeto-cultura-na-praca-na-vila-formosa-2\\\/#breadcrumblist\"},\"author\":{\"@id\":\"https:\\\/\\\/www.encontraaricanduva.com.br\\\/sobre\\\/author\\\/earicanduva\\\/#author\"},\"creator\":{\"@id\":\"https:\\\/\\\/www.encontraaricanduva.com.br\\\/sobre\\\/author\\\/earicanduva\\\/#author\"},\"datePublished\":\"2011-03-02T15:06:41+00:00\",\"dateModified\":\"2011-03-01T15:06:50+00:00\"},{\"@type\":\"WebSite\",\"@id\":\"https:\\\/\\\/www.encontraaricanduva.com.br\\\/sobre\\\/#website\",\"url\":\"https:\\\/\\\/www.encontraaricanduva.com.br\\\/sobre\\\/\",\"name\":\"Encontra Aricanduva\",\"description\":\"Not\\u00edcias, eventos, informa\\u00e7\\u00f5es e dicas no bairro do Aricanduva e regi\\u00e3o\",\"inLanguage\":\"pt-BR\",\"publisher\":{\"@id\":\"https:\\\/\\\/www.encontraaricanduva.com.br\\\/sobre\\\/#organization\"}}]}\n\t\t<\/script>\n\t\t<!-- All in One SEO -->\n\n","aioseo_head_json":{"title":"Subprefeitura de Aricanduva promove o projeto Cultura na Pra\u00e7a, na Vila Formosa | Encontra Aricanduva","description":"O projeto Cultura na Pra\u00e7a chega ao bairro de Vila Formosa s\u00e1bado (26\/2) com programa\u00e7\u00e3o musical e educativa aberta ao p\u00fablico. A Supervis\u00e3o de Cultura da Subprefeitura da Aricanduva\/Formosa\/Carr\u00e3o realiza o programa, este ano, com o tema Festa da Amizade, na Pra\u00e7a Sampaio Vidal. O evento reunir\u00e1 artistas de diversos estilos musicais. Apresenta\u00e7\u00f5es de rock,","canonical_url":"https:\/\/www.encontraaricanduva.com.br\/sobre\/subprefeitura-de-aricanduva-promove-o-projeto-cultura-na-praca-na-vila-formosa-2\/","robots":"max-image-preview:large","keywords":"","webmasterTools":{"miscellaneous":""},"schema":{"@context":"https:\/\/schema.org","@graph":[{"@type":"Article","@id":"https:\/\/www.encontraaricanduva.com.br\/sobre\/subprefeitura-de-aricanduva-promove-o-projeto-cultura-na-praca-na-vila-formosa-2\/#article","name":"Subprefeitura de Aricanduva promove o projeto Cultura na Pra\u00e7a, na Vila Formosa | Encontra Aricanduva","headline":"Subprefeitura de Aricanduva promove o projeto Cultura na Pra\u00e7a, na Vila Formosa","author":{"@id":"https:\/\/www.encontraaricanduva.com.br\/sobre\/author\/earicanduva\/#author"},"publisher":{"@id":"https:\/\/www.encontraaricanduva.com.br\/sobre\/#organization"},"datePublished":"2011-03-02T15:06:41+00:00","dateModified":"2011-03-01T15:06:50+00:00","inLanguage":"pt-BR","mainEntityOfPage":{"@id":"https:\/\/www.encontraaricanduva.com.br\/sobre\/subprefeitura-de-aricanduva-promove-o-projeto-cultura-na-praca-na-vila-formosa-2\/#webpage"},"isPartOf":{"@id":"https:\/\/www.encontraaricanduva.com.br\/sobre\/subprefeitura-de-aricanduva-promove-o-projeto-cultura-na-praca-na-vila-formosa-2\/#webpage"},"articleSection":"Not\u00edcias Aricanduva"},{"@type":"BreadcrumbList","@id":"https:\/\/www.encontraaricanduva.com.br\/sobre\/subprefeitura-de-aricanduva-promove-o-projeto-cultura-na-praca-na-vila-formosa-2\/#breadcrumblist","itemListElement":[{"@type":"ListItem","@id":"https:\/\/www.encontraaricanduva.com.br\/sobre#listItem","position":1,"name":"Home","item":"https:\/\/www.encontraaricanduva.com.br\/sobre","nextItem":{"@type":"ListItem","@id":"https:\/\/www.encontraaricanduva.com.br\/sobre\/noticias-no-aricanduva\/#listItem","name":"Not\u00edcias Aricanduva"}},{"@type":"ListItem","@id":"https:\/\/www.encontraaricanduva.com.br\/sobre\/noticias-no-aricanduva\/#listItem","position":2,"name":"Not\u00edcias Aricanduva","item":"https:\/\/www.encontraaricanduva.com.br\/sobre\/noticias-no-aricanduva\/","nextItem":{"@type":"ListItem","@id":"https:\/\/www.encontraaricanduva.com.br\/sobre\/subprefeitura-de-aricanduva-promove-o-projeto-cultura-na-praca-na-vila-formosa-2\/#listItem","name":"Subprefeitura de Aricanduva promove o projeto Cultura na Pra\u00e7a, na Vila Formosa"},"previousItem":{"@type":"ListItem","@id":"https:\/\/www.encontraaricanduva.com.br\/sobre#listItem","name":"Home"}},{"@type":"ListItem","@id":"https:\/\/www.encontraaricanduva.com.br\/sobre\/subprefeitura-de-aricanduva-promove-o-projeto-cultura-na-praca-na-vila-formosa-2\/#listItem","position":3,"name":"Subprefeitura de Aricanduva promove o projeto Cultura na Pra\u00e7a, na Vila Formosa","previousItem":{"@type":"ListItem","@id":"https:\/\/www.encontraaricanduva.com.br\/sobre\/noticias-no-aricanduva\/#listItem","name":"Not\u00edcias Aricanduva"}}]},{"@type":"Organization","@id":"https:\/\/www.encontraaricanduva.com.br\/sobre\/#organization","name":"Encontra Aricanduva","description":"Not\u00edcias, eventos, informa\u00e7\u00f5es e dicas no bairro do Aricanduva e regi\u00e3o","url":"https:\/\/www.encontraaricanduva.com.br\/sobre\/"},{"@type":"Person","@id":"https:\/\/www.encontraaricanduva.com.br\/sobre\/author\/earicanduva\/#author","url":"https:\/\/www.encontraaricanduva.com.br\/sobre\/author\/earicanduva\/","name":"Encontra Aricanduva","image":{"@type":"ImageObject","@id":"https:\/\/www.encontraaricanduva.com.br\/sobre\/subprefeitura-de-aricanduva-promove-o-projeto-cultura-na-praca-na-vila-formosa-2\/#authorImage","url":"https:\/\/secure.gravatar.com\/avatar\/507340682b8270222e1f208e23198b6ae7e2c6a1033ae84e99bc6bce4f82a387?s=96&d=mm&r=g","width":96,"height":96,"caption":"Encontra Aricanduva"}},{"@type":"WebPage","@id":"https:\/\/www.encontraaricanduva.com.br\/sobre\/subprefeitura-de-aricanduva-promove-o-projeto-cultura-na-praca-na-vila-formosa-2\/#webpage","url":"https:\/\/www.encontraaricanduva.com.br\/sobre\/subprefeitura-de-aricanduva-promove-o-projeto-cultura-na-praca-na-vila-formosa-2\/","name":"Subprefeitura de Aricanduva promove o projeto Cultura na Pra\u00e7a, na Vila Formosa | Encontra Aricanduva","description":"O projeto Cultura na Pra\u00e7a chega ao bairro de Vila Formosa s\u00e1bado (26\/2) com programa\u00e7\u00e3o musical e educativa aberta ao p\u00fablico. A Supervis\u00e3o de Cultura da Subprefeitura da Aricanduva\/Formosa\/Carr\u00e3o realiza o programa, este ano, com o tema Festa da Amizade, na Pra\u00e7a Sampaio Vidal. O evento reunir\u00e1 artistas de diversos estilos musicais. Apresenta\u00e7\u00f5es de rock,","inLanguage":"pt-BR","isPartOf":{"@id":"https:\/\/www.encontraaricanduva.com.br\/sobre\/#website"},"breadcrumb":{"@id":"https:\/\/www.encontraaricanduva.com.br\/sobre\/subprefeitura-de-aricanduva-promove-o-projeto-cultura-na-praca-na-vila-formosa-2\/#breadcrumblist"},"author":{"@id":"https:\/\/www.encontraaricanduva.com.br\/sobre\/author\/earicanduva\/#author"},"creator":{"@id":"https:\/\/www.encontraaricanduva.com.br\/sobre\/author\/earicanduva\/#author"},"datePublished":"2011-03-02T15:06:41+00:00","dateModified":"2011-03-01T15:06:50+00:00"},{"@type":"WebSite","@id":"https:\/\/www.encontraaricanduva.com.br\/sobre\/#website","url":"https:\/\/www.encontraaricanduva.com.br\/sobre\/","name":"Encontra Aricanduva","description":"Not\u00edcias, eventos, informa\u00e7\u00f5es e dicas no bairro do Aricanduva e regi\u00e3o","inLanguage":"pt-BR","publisher":{"@id":"https:\/\/www.encontraaricanduva.com.br\/sobre\/#organization"}}]},"og:locale":"pt_BR","og:site_name":"Encontra Aricanduva | Not\u00edcias, eventos, informa\u00e7\u00f5es e dicas no bairro do Aricanduva e regi\u00e3o","og:type":"article","og:title":"Subprefeitura de Aricanduva promove o projeto Cultura na Pra\u00e7a, na Vila Formosa | Encontra Aricanduva","og:description":"O projeto Cultura na Pra\u00e7a chega ao bairro de Vila Formosa s\u00e1bado (26\/2) com programa\u00e7\u00e3o musical e educativa aberta ao p\u00fablico. A Supervis\u00e3o de Cultura da Subprefeitura da Aricanduva\/Formosa\/Carr\u00e3o realiza o programa, este ano, com o tema Festa da Amizade, na Pra\u00e7a Sampaio Vidal. O evento reunir\u00e1 artistas de diversos estilos musicais. Apresenta\u00e7\u00f5es de rock,","og:url":"https:\/\/www.encontraaricanduva.com.br\/sobre\/subprefeitura-de-aricanduva-promove-o-projeto-cultura-na-praca-na-vila-formosa-2\/","article:published_time":"2011-03-02T15:06:41+00:00","article:modified_time":"2011-03-01T15:06:50+00:00","twitter:card":"summary_large_image","twitter:title":"Subprefeitura de Aricanduva promove o projeto Cultura na Pra\u00e7a, na Vila Formosa | Encontra Aricanduva","twitter:description":"O projeto Cultura na Pra\u00e7a chega ao bairro de Vila Formosa s\u00e1bado (26\/2) com programa\u00e7\u00e3o musical e educativa aberta ao p\u00fablico. A Supervis\u00e3o de Cultura da Subprefeitura da Aricanduva\/Formosa\/Carr\u00e3o realiza o programa, este ano, com o tema Festa da Amizade, na Pra\u00e7a Sampaio Vidal. O evento reunir\u00e1 artistas de diversos estilos musicais. Apresenta\u00e7\u00f5es de rock,"},"aioseo_meta_data":{"post_id":"209","title":null,"description":null,"keywords":null,"keyphrases":null,"primary_term":null,"canonical_url":null,"og_title":null,"og_description":null,"og_object_type":"default","og_image_type":"default","og_image_url":null,"og_image_width":null,"og_image_height":null,"og_image_custom_url":null,"og_image_custom_fields":null,"og_video":null,"og_custom_url":null,"og_article_section":null,"og_article_tags":null,"twitter_use_og":false,"twitter_card":"default","twitter_image_type":"default","twitter_image_url":null,"twitter_image_custom_url":null,"twitter_image_custom_fields":null,"twitter_title":null,"twitter_description":null,"schema":{"blockGraphs":[],"customGraphs":[],"default":{"data":{"Article":[],"Course":[],"Dataset":[],"FAQPage":[],"Movie":[],"Person":[],"Product":[],"ProductReview":[],"Car":[],"Recipe":[],"Service":[],"SoftwareApplication":[],"WebPage":[]},"graphName":"Article","isEnabled":true},"graphs":[]},"schema_type":"default","schema_type_options":null,"pillar_content":false,"robots_default":true,"robots_noindex":false,"robots_noarchive":false,"robots_nosnippet":false,"robots_nofollow":false,"robots_noimageindex":false,"robots_noodp":false,"robots_notranslate":false,"robots_max_snippet":null,"robots_max_videopreview":null,"robots_max_imagepreview":"large","priority":null,"frequency":null,"local_seo":null,"breadcrumb_settings":null,"limit_modified_date":false,"ai":null,"created":"2024-08-15 12:50:45","updated":"2025-09-10 14:52:06","focus_keyword":null,"additional_keywords":null,"truseo_locale":null,"seo_analyzer_scan_date":null},"aioseo_breadcrumb":"<div class=\"aioseo-breadcrumbs\"><span class=\"aioseo-breadcrumb\">\n\t\t\t<a href=\"https:\/\/www.encontraaricanduva.com.br\/sobre\" title=\"Home\">Home<\/a>\n\t\t<\/span><span class=\"aioseo-breadcrumb-separator\">&raquo;<\/span><span class=\"aioseo-breadcrumb\">\n\t\t\t<a href=\"https:\/\/www.encontraaricanduva.com.br\/sobre\/noticias-no-aricanduva\/\" title=\"Not\u00edcias Aricanduva\">Not\u00edcias Aricanduva<\/a>\n\t\t<\/span><span class=\"aioseo-breadcrumb-separator\">&raquo;<\/span><span class=\"aioseo-breadcrumb\">\n\t\t\tSubprefeitura de Aricanduva promove o projeto Cultura na Pra\u00e7a, na Vila Formosa\n\t\t<\/span><\/div>","aioseo_breadcrumb_json":[{"label":"Home","link":"https:\/\/www.encontraaricanduva.com.br\/sobre"},{"label":"Not\u00edcias Aricanduva","link":"https:\/\/www.encontraaricanduva.com.br\/sobre\/noticias-no-aricanduva\/"},{"label":"Subprefeitura de Aricanduva promove o projeto Cultura na Pra\u00e7a, na Vila Formosa","link":"https:\/\/www.encontraaricanduva.com.br\/sobre\/subprefeitura-de-aricanduva-promove-o-projeto-cultura-na-praca-na-vila-formosa-2\/"}],"_links":{"self":[{"href":"https:\/\/www.encontraaricanduva.com.br\/sobre\/wp-json\/wp\/v2\/posts\/209","targetHints":{"allow":["GET"]}}],"collection":[{"href":"https:\/\/www.encontraaricanduva.com.br\/sobre\/wp-json\/wp\/v2\/posts"}],"about":[{"href":"https:\/\/www.encontraaricanduva.com.br\/sobre\/wp-json\/wp\/v2\/types\/post"}],"author":[{"embeddable":true,"href":"https:\/\/www.encontraaricanduva.com.br\/sobre\/wp-json\/wp\/v2\/users\/1"}],"replies":[{"embeddable":true,"href":"https:\/\/www.encontraaricanduva.com.br\/sobre\/wp-json\/wp\/v2\/comments?post=209"}],"version-history":[{"count":0,"href":"https:\/\/www.encontraaricanduva.com.br\/sobre\/wp-json\/wp\/v2\/posts\/209\/revisions"}],"wp:attachment":[{"href":"https:\/\/www.encontraaricanduva.com.br\/sobre\/wp-json\/wp\/v2\/media?parent=209"}],"wp:term":[{"taxonomy":"category","embeddable":true,"href":"https:\/\/www.encontraaricanduva.com.br\/sobre\/wp-json\/wp\/v2\/categories?post=209"},{"taxonomy":"post_tag","embeddable":true,"href":"https:\/\/www.encontraaricanduva.com.br\/sobre\/wp-json\/wp\/v2\/tags?post=209"}],"curies":[{"name":"wp","href":"https:\/\/api.w.org\/{rel}","templated":true}]}}