{"id":163,"date":"2011-01-31T23:38:23","date_gmt":"2011-01-31T23:38:23","guid":{"rendered":"http:\/\/www.encontraaricanduva.com.br\/noticias\/?p=163"},"modified":"2013-08-12T18:32:49","modified_gmt":"2013-08-12T18:32:49","slug":"chuva-coloca-regiao-do-aricanduva-em-estado-de-atencao","status":"publish","type":"post","link":"https:\/\/www.encontraaricanduva.com.br\/sobre\/chuva-coloca-regiao-do-aricanduva-em-estado-de-atencao\/","title":{"rendered":"Chuva coloca regi\u00e3o do Aricanduva em estado de aten\u00e7\u00e3o"},"content":{"rendered":"<div class=\"0761f6a77d7312e6c166bb5f335a15c5\" data-index=\"1\" style=\"float: left; margin: 15px 15px 15px 0;\">\n<!-- EBR \/Novo-Bairro\/ 300x250 - pub-85 -->\r\n<ins class=\"adsbygoogle\"\r\n     style=\"display:inline-block;width:300px;height:250px\"\r\n     data-ad-client=\"ca-pub-8585364105181520\"\r\n     data-ad-slot=\"4691134188\"><\/ins>\r\n<script>\r\n(adsbygoogle = window.adsbygoogle || []).push({});\r\n<\/script>\r\n\n<\/div>\n<p>O CGE (Centro de Gerenciamento de Emerg\u00eancias) colocou regi\u00f5es da capital paulista em estado de aten\u00e7\u00e3o na tarde desta segunda-feira (31). A situa\u00e7\u00e3o foi decretada primeiramente para as regi\u00f5es leste e sudeste, \u00e0s 14h. Depois foi a vez da zona sul, \u00e0s 14h50.<\/p>\n<p>\u00c0s 15h10 foi a vez das regi\u00f5es oeste e centro e da marginal Pinheiros. Apesar disso, \u00e0s 15h30, o \u00f3rg\u00e3o ainda n\u00e3o registrava pontos de alagamento.<\/p>\n<p>Segundo o CGE, \u00e1reas de instabilidade provocaram fortes chuvas principalmente no extremo leste da capital. Por volta das 15h, chovia forte apenas em parte de Itaim Paulista, Guaianases e Cidade Tiradentes. Nos demais bairros da regi\u00e3o, chovia moderado.<\/p>\n<p>Na zona sul, a chuva atingia os bairros de Cidade Ademar, Parelheiros e Engenheiro Marsilac.<\/p>\n<p>Risco de enchente<\/p>\n<p>A Defesa Civil municipal colocou as as regi\u00f5es de Santo Amaro, Jabaquara, Vila Mariana, Ipiranga e Capela do Socorro, na zona sul de S\u00e3o Paulo, em estado de aten\u00e7\u00e3o para enchentes. Permanecem nesta situa\u00e7\u00e3o tamb\u00e9m os bairros Itaim Paulista, Guaianases, Cidade Ademar, Vila Prudente, Aricanduva\/Formosa e S\u00e3o Mateus.<\/p>\n<p>Grande SP<\/p>\n<p>Segundo o CGE, por volta das 15h, chovia forte em S\u00e3o Bernardo do Campo, Diadema, Ribeir\u00e3o Pires, Po\u00e1, Suzano e Itaquaquecetuba. Mais cedo, foi observada queda de granizo nas imedia\u00e7\u00f5es da esta\u00e7\u00e3o Guaianazes da CPTM.<\/p>\n<p>O Corpo de Bombeiros informou que foi acionado \u00e0s 15h17 para socorrer v\u00e1rias pessoas ilhadas na rua Fernando Pessoa, no Jardim da Represa, em S\u00e3o Bernardo do Campo, no ABC Paulista.<\/p>\n<p><em>Fonte: R7<\/em><\/p>\n\n<div style=\"font-size: 0px; height: 0px; line-height: 0px; margin: 0; padding: 0; clear: both;\"><\/div>","protected":false},"excerpt":{"rendered":"<p>O CGE (Centro de Gerenciamento de Emerg\u00eancias) colocou regi\u00f5es da capital paulista em estado de aten\u00e7\u00e3o na tarde desta segunda-feira (31). A situa\u00e7\u00e3o foi decretada primeiramente para as regi\u00f5es leste e sudeste, \u00e0s 14h. Depois foi a vez da zona sul, \u00e0s 14h50. \u00c0s 15h10 foi a vez das regi\u00f5es oeste e centro e da marginal Pinheiros. Apesar disso, \u00e0s 15h30, o \u00f3rg\u00e3o ainda n\u00e3o registrava pontos de alagamento. Segundo o CGE, \u00e1reas de instabilidade provocaram fortes chuvas principalmente no extremo leste da capital. Por volta das 15h, chovia forte apenas em parte de Itaim Paulista, Guaianases e Cidade Tiradentes. <\/p>\n","protected":false},"author":1,"featured_media":0,"comment_status":"open","ping_status":"open","sticky":false,"template":"","format":"standard","meta":{"footnotes":""},"categories":[9],"tags":[],"class_list":["post-163","post","type-post","status-publish","format-standard","hentry","category-noticias-no-aricanduva"],"aioseo_notices":[],"aioseo_head":"\n\t\t<!-- All in One SEO 5.0.0.1 - aioseo.com -->\n\t<meta name=\"description\" content=\"O CGE (Centro de Gerenciamento de Emerg\u00eancias) colocou regi\u00f5es da capital paulista em estado de aten\u00e7\u00e3o na tarde desta segunda-feira (31). A situa\u00e7\u00e3o foi decretada primeiramente para as regi\u00f5es leste e sudeste, \u00e0s 14h. Depois foi a vez da zona sul, \u00e0s 14h50. \u00c0s 15h10 foi a vez das regi\u00f5es oeste e centro e da\" \/>\n\t<meta name=\"robots\" content=\"max-image-preview:large\" \/>\n\t<meta name=\"author\" content=\"Encontra Aricanduva\"\/>\n\t<link rel=\"canonical\" href=\"https:\/\/www.encontraaricanduva.com.br\/sobre\/chuva-coloca-regiao-do-aricanduva-em-estado-de-atencao\/\" \/>\n\t<meta name=\"generator\" content=\"All in One SEO (AIOSEO) 5.0.0.1\" \/>\n\t\t<meta property=\"og:locale\" content=\"pt_BR\" \/>\n\t\t<meta property=\"og:site_name\" content=\"Encontra Aricanduva | Not\u00edcias, eventos, informa\u00e7\u00f5es e dicas no bairro do Aricanduva e regi\u00e3o\" \/>\n\t\t<meta property=\"og:type\" content=\"article\" \/>\n\t\t<meta property=\"og:title\" content=\"Chuva coloca regi\u00e3o do Aricanduva em estado de aten\u00e7\u00e3o | Encontra Aricanduva\" \/>\n\t\t<meta property=\"og:description\" content=\"O CGE (Centro de Gerenciamento de Emerg\u00eancias) colocou regi\u00f5es da capital paulista em estado de aten\u00e7\u00e3o na tarde desta segunda-feira (31). A situa\u00e7\u00e3o foi decretada primeiramente para as regi\u00f5es leste e sudeste, \u00e0s 14h. Depois foi a vez da zona sul, \u00e0s 14h50. \u00c0s 15h10 foi a vez das regi\u00f5es oeste e centro e da\" \/>\n\t\t<meta property=\"og:url\" content=\"https:\/\/www.encontraaricanduva.com.br\/sobre\/chuva-coloca-regiao-do-aricanduva-em-estado-de-atencao\/\" \/>\n\t\t<meta property=\"article:published_time\" content=\"2011-01-31T23:38:23+00:00\" \/>\n\t\t<meta property=\"article:modified_time\" content=\"2013-08-12T18:32:49+00:00\" \/>\n\t\t<meta name=\"twitter:card\" content=\"summary_large_image\" \/>\n\t\t<meta name=\"twitter:title\" content=\"Chuva coloca regi\u00e3o do Aricanduva em estado de aten\u00e7\u00e3o | Encontra Aricanduva\" \/>\n\t\t<meta name=\"twitter:description\" content=\"O CGE (Centro de Gerenciamento de Emerg\u00eancias) colocou regi\u00f5es da capital paulista em estado de aten\u00e7\u00e3o na tarde desta segunda-feira (31). A situa\u00e7\u00e3o foi decretada primeiramente para as regi\u00f5es leste e sudeste, \u00e0s 14h. Depois foi a vez da zona sul, \u00e0s 14h50. \u00c0s 15h10 foi a vez das regi\u00f5es oeste e centro e da\" \/>\n\t\t<script type=\"application\/ld+json\" class=\"aioseo-schema\">\n\t\t\t{\"@context\":\"https:\\\/\\\/schema.org\",\"@graph\":[{\"@type\":\"Article\",\"@id\":\"https:\\\/\\\/www.encontraaricanduva.com.br\\\/sobre\\\/chuva-coloca-regiao-do-aricanduva-em-estado-de-atencao\\\/#article\",\"name\":\"Chuva coloca regi\\u00e3o do Aricanduva em estado de aten\\u00e7\\u00e3o | Encontra Aricanduva\",\"headline\":\"Chuva coloca regi\\u00e3o do Aricanduva em estado de aten\\u00e7\\u00e3o\",\"author\":{\"@id\":\"https:\\\/\\\/www.encontraaricanduva.com.br\\\/sobre\\\/author\\\/earicanduva\\\/#author\"},\"publisher\":{\"@id\":\"https:\\\/\\\/www.encontraaricanduva.com.br\\\/sobre\\\/#organization\"},\"datePublished\":\"2011-01-31T23:38:23+00:00\",\"dateModified\":\"2013-08-12T18:32:49+00:00\",\"inLanguage\":\"pt-BR\",\"commentCount\":1,\"mainEntityOfPage\":{\"@id\":\"https:\\\/\\\/www.encontraaricanduva.com.br\\\/sobre\\\/chuva-coloca-regiao-do-aricanduva-em-estado-de-atencao\\\/#webpage\"},\"isPartOf\":{\"@id\":\"https:\\\/\\\/www.encontraaricanduva.com.br\\\/sobre\\\/chuva-coloca-regiao-do-aricanduva-em-estado-de-atencao\\\/#webpage\"},\"articleSection\":\"Not\\u00edcias Aricanduva\"},{\"@type\":\"BreadcrumbList\",\"@id\":\"https:\\\/\\\/www.encontraaricanduva.com.br\\\/sobre\\\/chuva-coloca-regiao-do-aricanduva-em-estado-de-atencao\\\/#breadcrumblist\",\"itemListElement\":[{\"@type\":\"ListItem\",\"@id\":\"https:\\\/\\\/www.encontraaricanduva.com.br\\\/sobre#listItem\",\"position\":1,\"name\":\"Home\",\"item\":\"https:\\\/\\\/www.encontraaricanduva.com.br\\\/sobre\",\"nextItem\":{\"@type\":\"ListItem\",\"@id\":\"https:\\\/\\\/www.encontraaricanduva.com.br\\\/sobre\\\/noticias-no-aricanduva\\\/#listItem\",\"name\":\"Not\\u00edcias Aricanduva\"}},{\"@type\":\"ListItem\",\"@id\":\"https:\\\/\\\/www.encontraaricanduva.com.br\\\/sobre\\\/noticias-no-aricanduva\\\/#listItem\",\"position\":2,\"name\":\"Not\\u00edcias Aricanduva\",\"item\":\"https:\\\/\\\/www.encontraaricanduva.com.br\\\/sobre\\\/noticias-no-aricanduva\\\/\",\"nextItem\":{\"@type\":\"ListItem\",\"@id\":\"https:\\\/\\\/www.encontraaricanduva.com.br\\\/sobre\\\/chuva-coloca-regiao-do-aricanduva-em-estado-de-atencao\\\/#listItem\",\"name\":\"Chuva coloca regi\\u00e3o do Aricanduva em estado de aten\\u00e7\\u00e3o\"},\"previousItem\":{\"@type\":\"ListItem\",\"@id\":\"https:\\\/\\\/www.encontraaricanduva.com.br\\\/sobre#listItem\",\"name\":\"Home\"}},{\"@type\":\"ListItem\",\"@id\":\"https:\\\/\\\/www.encontraaricanduva.com.br\\\/sobre\\\/chuva-coloca-regiao-do-aricanduva-em-estado-de-atencao\\\/#listItem\",\"position\":3,\"name\":\"Chuva coloca regi\\u00e3o do Aricanduva em estado de aten\\u00e7\\u00e3o\",\"previousItem\":{\"@type\":\"ListItem\",\"@id\":\"https:\\\/\\\/www.encontraaricanduva.com.br\\\/sobre\\\/noticias-no-aricanduva\\\/#listItem\",\"name\":\"Not\\u00edcias Aricanduva\"}}]},{\"@type\":\"Organization\",\"@id\":\"https:\\\/\\\/www.encontraaricanduva.com.br\\\/sobre\\\/#organization\",\"name\":\"Encontra Aricanduva\",\"description\":\"Not\\u00edcias, eventos, informa\\u00e7\\u00f5es e dicas no bairro do Aricanduva e regi\\u00e3o\",\"url\":\"https:\\\/\\\/www.encontraaricanduva.com.br\\\/sobre\\\/\"},{\"@type\":\"Person\",\"@id\":\"https:\\\/\\\/www.encontraaricanduva.com.br\\\/sobre\\\/author\\\/earicanduva\\\/#author\",\"url\":\"https:\\\/\\\/www.encontraaricanduva.com.br\\\/sobre\\\/author\\\/earicanduva\\\/\",\"name\":\"Encontra Aricanduva\",\"image\":{\"@type\":\"ImageObject\",\"@id\":\"https:\\\/\\\/www.encontraaricanduva.com.br\\\/sobre\\\/chuva-coloca-regiao-do-aricanduva-em-estado-de-atencao\\\/#authorImage\",\"url\":\"https:\\\/\\\/secure.gravatar.com\\\/avatar\\\/507340682b8270222e1f208e23198b6ae7e2c6a1033ae84e99bc6bce4f82a387?s=96&d=mm&r=g\",\"width\":96,\"height\":96,\"caption\":\"Encontra Aricanduva\"}},{\"@type\":\"WebPage\",\"@id\":\"https:\\\/\\\/www.encontraaricanduva.com.br\\\/sobre\\\/chuva-coloca-regiao-do-aricanduva-em-estado-de-atencao\\\/#webpage\",\"url\":\"https:\\\/\\\/www.encontraaricanduva.com.br\\\/sobre\\\/chuva-coloca-regiao-do-aricanduva-em-estado-de-atencao\\\/\",\"name\":\"Chuva coloca regi\\u00e3o do Aricanduva em estado de aten\\u00e7\\u00e3o | Encontra Aricanduva\",\"description\":\"O CGE (Centro de Gerenciamento de Emerg\\u00eancias) colocou regi\\u00f5es da capital paulista em estado de aten\\u00e7\\u00e3o na tarde desta segunda-feira (31). A situa\\u00e7\\u00e3o foi decretada primeiramente para as regi\\u00f5es leste e sudeste, \\u00e0s 14h. Depois foi a vez da zona sul, \\u00e0s 14h50. \\u00c0s 15h10 foi a vez das regi\\u00f5es oeste e centro e da\",\"inLanguage\":\"pt-BR\",\"isPartOf\":{\"@id\":\"https:\\\/\\\/www.encontraaricanduva.com.br\\\/sobre\\\/#website\"},\"breadcrumb\":{\"@id\":\"https:\\\/\\\/www.encontraaricanduva.com.br\\\/sobre\\\/chuva-coloca-regiao-do-aricanduva-em-estado-de-atencao\\\/#breadcrumblist\"},\"author\":{\"@id\":\"https:\\\/\\\/www.encontraaricanduva.com.br\\\/sobre\\\/author\\\/earicanduva\\\/#author\"},\"creator\":{\"@id\":\"https:\\\/\\\/www.encontraaricanduva.com.br\\\/sobre\\\/author\\\/earicanduva\\\/#author\"},\"datePublished\":\"2011-01-31T23:38:23+00:00\",\"dateModified\":\"2013-08-12T18:32:49+00:00\"},{\"@type\":\"WebSite\",\"@id\":\"https:\\\/\\\/www.encontraaricanduva.com.br\\\/sobre\\\/#website\",\"url\":\"https:\\\/\\\/www.encontraaricanduva.com.br\\\/sobre\\\/\",\"name\":\"Encontra Aricanduva\",\"description\":\"Not\\u00edcias, eventos, informa\\u00e7\\u00f5es e dicas no bairro do Aricanduva e regi\\u00e3o\",\"inLanguage\":\"pt-BR\",\"publisher\":{\"@id\":\"https:\\\/\\\/www.encontraaricanduva.com.br\\\/sobre\\\/#organization\"}}]}\n\t\t<\/script>\n\t\t<!-- All in One SEO -->\n\n","aioseo_head_json":{"title":"Chuva coloca regi\u00e3o do Aricanduva em estado de aten\u00e7\u00e3o | Encontra Aricanduva","description":"O CGE (Centro de Gerenciamento de Emerg\u00eancias) colocou regi\u00f5es da capital paulista em estado de aten\u00e7\u00e3o na tarde desta segunda-feira (31). A situa\u00e7\u00e3o foi decretada primeiramente para as regi\u00f5es leste e sudeste, \u00e0s 14h. Depois foi a vez da zona sul, \u00e0s 14h50. \u00c0s 15h10 foi a vez das regi\u00f5es oeste e centro e da","canonical_url":"https:\/\/www.encontraaricanduva.com.br\/sobre\/chuva-coloca-regiao-do-aricanduva-em-estado-de-atencao\/","robots":"max-image-preview:large","keywords":"","webmasterTools":{"miscellaneous":""},"schema":{"@context":"https:\/\/schema.org","@graph":[{"@type":"Article","@id":"https:\/\/www.encontraaricanduva.com.br\/sobre\/chuva-coloca-regiao-do-aricanduva-em-estado-de-atencao\/#article","name":"Chuva coloca regi\u00e3o do Aricanduva em estado de aten\u00e7\u00e3o | Encontra Aricanduva","headline":"Chuva coloca regi\u00e3o do Aricanduva em estado de aten\u00e7\u00e3o","author":{"@id":"https:\/\/www.encontraaricanduva.com.br\/sobre\/author\/earicanduva\/#author"},"publisher":{"@id":"https:\/\/www.encontraaricanduva.com.br\/sobre\/#organization"},"datePublished":"2011-01-31T23:38:23+00:00","dateModified":"2013-08-12T18:32:49+00:00","inLanguage":"pt-BR","commentCount":1,"mainEntityOfPage":{"@id":"https:\/\/www.encontraaricanduva.com.br\/sobre\/chuva-coloca-regiao-do-aricanduva-em-estado-de-atencao\/#webpage"},"isPartOf":{"@id":"https:\/\/www.encontraaricanduva.com.br\/sobre\/chuva-coloca-regiao-do-aricanduva-em-estado-de-atencao\/#webpage"},"articleSection":"Not\u00edcias Aricanduva"},{"@type":"BreadcrumbList","@id":"https:\/\/www.encontraaricanduva.com.br\/sobre\/chuva-coloca-regiao-do-aricanduva-em-estado-de-atencao\/#breadcrumblist","itemListElement":[{"@type":"ListItem","@id":"https:\/\/www.encontraaricanduva.com.br\/sobre#listItem","position":1,"name":"Home","item":"https:\/\/www.encontraaricanduva.com.br\/sobre","nextItem":{"@type":"ListItem","@id":"https:\/\/www.encontraaricanduva.com.br\/sobre\/noticias-no-aricanduva\/#listItem","name":"Not\u00edcias Aricanduva"}},{"@type":"ListItem","@id":"https:\/\/www.encontraaricanduva.com.br\/sobre\/noticias-no-aricanduva\/#listItem","position":2,"name":"Not\u00edcias Aricanduva","item":"https:\/\/www.encontraaricanduva.com.br\/sobre\/noticias-no-aricanduva\/","nextItem":{"@type":"ListItem","@id":"https:\/\/www.encontraaricanduva.com.br\/sobre\/chuva-coloca-regiao-do-aricanduva-em-estado-de-atencao\/#listItem","name":"Chuva coloca regi\u00e3o do Aricanduva em estado de aten\u00e7\u00e3o"},"previousItem":{"@type":"ListItem","@id":"https:\/\/www.encontraaricanduva.com.br\/sobre#listItem","name":"Home"}},{"@type":"ListItem","@id":"https:\/\/www.encontraaricanduva.com.br\/sobre\/chuva-coloca-regiao-do-aricanduva-em-estado-de-atencao\/#listItem","position":3,"name":"Chuva coloca regi\u00e3o do Aricanduva em estado de aten\u00e7\u00e3o","previousItem":{"@type":"ListItem","@id":"https:\/\/www.encontraaricanduva.com.br\/sobre\/noticias-no-aricanduva\/#listItem","name":"Not\u00edcias Aricanduva"}}]},{"@type":"Organization","@id":"https:\/\/www.encontraaricanduva.com.br\/sobre\/#organization","name":"Encontra Aricanduva","description":"Not\u00edcias, eventos, informa\u00e7\u00f5es e dicas no bairro do Aricanduva e regi\u00e3o","url":"https:\/\/www.encontraaricanduva.com.br\/sobre\/"},{"@type":"Person","@id":"https:\/\/www.encontraaricanduva.com.br\/sobre\/author\/earicanduva\/#author","url":"https:\/\/www.encontraaricanduva.com.br\/sobre\/author\/earicanduva\/","name":"Encontra Aricanduva","image":{"@type":"ImageObject","@id":"https:\/\/www.encontraaricanduva.com.br\/sobre\/chuva-coloca-regiao-do-aricanduva-em-estado-de-atencao\/#authorImage","url":"https:\/\/secure.gravatar.com\/avatar\/507340682b8270222e1f208e23198b6ae7e2c6a1033ae84e99bc6bce4f82a387?s=96&d=mm&r=g","width":96,"height":96,"caption":"Encontra Aricanduva"}},{"@type":"WebPage","@id":"https:\/\/www.encontraaricanduva.com.br\/sobre\/chuva-coloca-regiao-do-aricanduva-em-estado-de-atencao\/#webpage","url":"https:\/\/www.encontraaricanduva.com.br\/sobre\/chuva-coloca-regiao-do-aricanduva-em-estado-de-atencao\/","name":"Chuva coloca regi\u00e3o do Aricanduva em estado de aten\u00e7\u00e3o | Encontra Aricanduva","description":"O CGE (Centro de Gerenciamento de Emerg\u00eancias) colocou regi\u00f5es da capital paulista em estado de aten\u00e7\u00e3o na tarde desta segunda-feira (31). A situa\u00e7\u00e3o foi decretada primeiramente para as regi\u00f5es leste e sudeste, \u00e0s 14h. Depois foi a vez da zona sul, \u00e0s 14h50. \u00c0s 15h10 foi a vez das regi\u00f5es oeste e centro e da","inLanguage":"pt-BR","isPartOf":{"@id":"https:\/\/www.encontraaricanduva.com.br\/sobre\/#website"},"breadcrumb":{"@id":"https:\/\/www.encontraaricanduva.com.br\/sobre\/chuva-coloca-regiao-do-aricanduva-em-estado-de-atencao\/#breadcrumblist"},"author":{"@id":"https:\/\/www.encontraaricanduva.com.br\/sobre\/author\/earicanduva\/#author"},"creator":{"@id":"https:\/\/www.encontraaricanduva.com.br\/sobre\/author\/earicanduva\/#author"},"datePublished":"2011-01-31T23:38:23+00:00","dateModified":"2013-08-12T18:32:49+00:00"},{"@type":"WebSite","@id":"https:\/\/www.encontraaricanduva.com.br\/sobre\/#website","url":"https:\/\/www.encontraaricanduva.com.br\/sobre\/","name":"Encontra Aricanduva","description":"Not\u00edcias, eventos, informa\u00e7\u00f5es e dicas no bairro do Aricanduva e regi\u00e3o","inLanguage":"pt-BR","publisher":{"@id":"https:\/\/www.encontraaricanduva.com.br\/sobre\/#organization"}}]},"og:locale":"pt_BR","og:site_name":"Encontra Aricanduva | Not\u00edcias, eventos, informa\u00e7\u00f5es e dicas no bairro do Aricanduva e regi\u00e3o","og:type":"article","og:title":"Chuva coloca regi\u00e3o do Aricanduva em estado de aten\u00e7\u00e3o | Encontra Aricanduva","og:description":"O CGE (Centro de Gerenciamento de Emerg\u00eancias) colocou regi\u00f5es da capital paulista em estado de aten\u00e7\u00e3o na tarde desta segunda-feira (31). A situa\u00e7\u00e3o foi decretada primeiramente para as regi\u00f5es leste e sudeste, \u00e0s 14h. Depois foi a vez da zona sul, \u00e0s 14h50. \u00c0s 15h10 foi a vez das regi\u00f5es oeste e centro e da","og:url":"https:\/\/www.encontraaricanduva.com.br\/sobre\/chuva-coloca-regiao-do-aricanduva-em-estado-de-atencao\/","article:published_time":"2011-01-31T23:38:23+00:00","article:modified_time":"2013-08-12T18:32:49+00:00","twitter:card":"summary_large_image","twitter:title":"Chuva coloca regi\u00e3o do Aricanduva em estado de aten\u00e7\u00e3o | Encontra Aricanduva","twitter:description":"O CGE (Centro de Gerenciamento de Emerg\u00eancias) colocou regi\u00f5es da capital paulista em estado de aten\u00e7\u00e3o na tarde desta segunda-feira (31). A situa\u00e7\u00e3o foi decretada primeiramente para as regi\u00f5es leste e sudeste, \u00e0s 14h. Depois foi a vez da zona sul, \u00e0s 14h50. \u00c0s 15h10 foi a vez das regi\u00f5es oeste e centro e da"},"aioseo_meta_data":{"post_id":"163","title":null,"description":null,"keywords":null,"keyphrases":null,"primary_term":null,"canonical_url":null,"og_title":null,"og_description":null,"og_object_type":"default","og_image_type":"default","og_image_url":null,"og_image_width":null,"og_image_height":null,"og_image_custom_url":null,"og_image_custom_fields":null,"og_video":null,"og_custom_url":null,"og_article_section":null,"og_article_tags":null,"twitter_use_og":false,"twitter_card":"default","twitter_image_type":"default","twitter_image_url":null,"twitter_image_custom_url":null,"twitter_image_custom_fields":null,"twitter_title":null,"twitter_description":null,"schema":{"blockGraphs":[],"customGraphs":[],"default":{"data":{"Article":[],"Course":[],"Dataset":[],"FAQPage":[],"Movie":[],"Person":[],"Product":[],"ProductReview":[],"Car":[],"Recipe":[],"Service":[],"SoftwareApplication":[],"WebPage":[]},"graphName":"Article","isEnabled":true},"graphs":[]},"schema_type":"default","schema_type_options":null,"pillar_content":false,"robots_default":true,"robots_noindex":false,"robots_noarchive":false,"robots_nosnippet":false,"robots_nofollow":false,"robots_noimageindex":false,"robots_noodp":false,"robots_notranslate":false,"robots_max_snippet":null,"robots_max_videopreview":null,"robots_max_imagepreview":"large","priority":null,"frequency":null,"local_seo":null,"breadcrumb_settings":null,"limit_modified_date":false,"ai":null,"created":"2024-08-15 20:19:40","updated":"2025-09-10 14:35:55","focus_keyword":null,"additional_keywords":null,"truseo_locale":null,"seo_analyzer_scan_date":null},"aioseo_breadcrumb":"<div class=\"aioseo-breadcrumbs\"><span class=\"aioseo-breadcrumb\">\n\t\t\t<a href=\"https:\/\/www.encontraaricanduva.com.br\/sobre\" title=\"Home\">Home<\/a>\n\t\t<\/span><span class=\"aioseo-breadcrumb-separator\">&raquo;<\/span><span class=\"aioseo-breadcrumb\">\n\t\t\t<a href=\"https:\/\/www.encontraaricanduva.com.br\/sobre\/noticias-no-aricanduva\/\" title=\"Not\u00edcias Aricanduva\">Not\u00edcias Aricanduva<\/a>\n\t\t<\/span><span class=\"aioseo-breadcrumb-separator\">&raquo;<\/span><span class=\"aioseo-breadcrumb\">\n\t\t\tChuva coloca regi\u00e3o do Aricanduva em estado de aten\u00e7\u00e3o\n\t\t<\/span><\/div>","aioseo_breadcrumb_json":[{"label":"Home","link":"https:\/\/www.encontraaricanduva.com.br\/sobre"},{"label":"Not\u00edcias Aricanduva","link":"https:\/\/www.encontraaricanduva.com.br\/sobre\/noticias-no-aricanduva\/"},{"label":"Chuva coloca regi\u00e3o do Aricanduva em estado de aten\u00e7\u00e3o","link":"https:\/\/www.encontraaricanduva.com.br\/sobre\/chuva-coloca-regiao-do-aricanduva-em-estado-de-atencao\/"}],"_links":{"self":[{"href":"https:\/\/www.encontraaricanduva.com.br\/sobre\/wp-json\/wp\/v2\/posts\/163","targetHints":{"allow":["GET"]}}],"collection":[{"href":"https:\/\/www.encontraaricanduva.com.br\/sobre\/wp-json\/wp\/v2\/posts"}],"about":[{"href":"https:\/\/www.encontraaricanduva.com.br\/sobre\/wp-json\/wp\/v2\/types\/post"}],"author":[{"embeddable":true,"href":"https:\/\/www.encontraaricanduva.com.br\/sobre\/wp-json\/wp\/v2\/users\/1"}],"replies":[{"embeddable":true,"href":"https:\/\/www.encontraaricanduva.com.br\/sobre\/wp-json\/wp\/v2\/comments?post=163"}],"version-history":[{"count":0,"href":"https:\/\/www.encontraaricanduva.com.br\/sobre\/wp-json\/wp\/v2\/posts\/163\/revisions"}],"wp:attachment":[{"href":"https:\/\/www.encontraaricanduva.com.br\/sobre\/wp-json\/wp\/v2\/media?parent=163"}],"wp:term":[{"taxonomy":"category","embeddable":true,"href":"https:\/\/www.encontraaricanduva.com.br\/sobre\/wp-json\/wp\/v2\/categories?post=163"},{"taxonomy":"post_tag","embeddable":true,"href":"https:\/\/www.encontraaricanduva.com.br\/sobre\/wp-json\/wp\/v2\/tags?post=163"}],"curies":[{"name":"wp","href":"https:\/\/api.w.org\/{rel}","templated":true}]}}