{"id":1307,"date":"2013-06-24T12:37:47","date_gmt":"2013-06-24T12:37:47","guid":{"rendered":"http:\/\/www.encontraaricanduva.com.br\/noticias\/?p=1307"},"modified":"2013-06-25T11:43:51","modified_gmt":"2013-06-25T11:43:51","slug":"pessoa-e-baleada-em-aricanduva-durante-a-madrugada","status":"publish","type":"post","link":"https:\/\/www.encontraaricanduva.com.br\/sobre\/pessoa-e-baleada-em-aricanduva-durante-a-madrugada\/","title":{"rendered":"Uma pessoa \u00e9 baleada em Aricanduva durante a madrugada"},"content":{"rendered":"<div class=\"0761f6a77d7312e6c166bb5f335a15c5\" data-index=\"1\" style=\"float: left; margin: 15px 15px 15px 0;\">\n<!-- EBR \/Novo-Bairro\/ 300x250 - pub-85 -->\r\n<ins class=\"adsbygoogle\"\r\n     style=\"display:inline-block;width:300px;height:250px\"\r\n     data-ad-client=\"ca-pub-8585364105181520\"\r\n     data-ad-slot=\"4691134188\"><\/ins>\r\n<script>\r\n(adsbygoogle = window.adsbygoogle || []).push({});\r\n<\/script>\r\n\n<\/div>\n<div id=\"article_content\">\n<p>Ao menos tr\u00eas pessoas foram baleadas na zona leste de S\u00e3o Paulo na madrugada desta segunda-feira (24).<\/p>\n<p>Uma das v\u00edtimas foi atingida por volta 0h na avenida Milene Elias, no bairro Ermelino Matarazzo.\u00a0O segundo crime aconteceu na avenida Paranagu\u00e1, no mesmo bairro, s\u00f3 que por volta das 0h15. Essa v\u00edtima foi socorrida pelo Samu (Servi\u00e7o de Atendimento M\u00f3vel de Urg\u00eancia). A Pol\u00edcia Militar n\u00e3o soube informar se os casos t\u00eam liga\u00e7\u00e3o.<\/p>\n<p>Uma terceira pessoa foi morta com um tiro no t\u00f3rax por volta da 0h42, na rua Jorge Ogushi, no bairro Aricanduva.<\/p>\n<p>Os policias informaram que o local \u00e9 um ponto de\u00a0tr\u00e1fico de\u00a0drogas e que a v\u00edtima j\u00e1 tinha passagem pela policia. O homem morreu no local e o caso vai para o 69\u00b0 Distrito Policial.<\/p>\n<p><em>Fonte: R7<\/em><\/p>\n<\/div>\n\n<div style=\"font-size: 0px; height: 0px; line-height: 0px; margin: 0; padding: 0; clear: both;\"><\/div>","protected":false},"excerpt":{"rendered":"<p>Ao menos tr\u00eas pessoas foram baleadas na zona leste de S\u00e3o Paulo na madrugada desta segunda-feira (24). Uma das v\u00edtimas foi atingida por volta 0h na avenida Milene Elias, no bairro Ermelino Matarazzo.\u00a0O segundo crime aconteceu na avenida Paranagu\u00e1, no mesmo bairro, s\u00f3 que por volta das 0h15. Essa v\u00edtima foi socorrida pelo Samu (Servi\u00e7o de Atendimento M\u00f3vel de Urg\u00eancia). A Pol\u00edcia Militar n\u00e3o soube informar se os casos t\u00eam liga\u00e7\u00e3o. Uma terceira pessoa foi morta com um tiro no t\u00f3rax por volta da 0h42, na rua Jorge Ogushi, no bairro Aricanduva. Os policias informaram que o local \u00e9 um <\/p>\n","protected":false},"author":1,"featured_media":0,"comment_status":"open","ping_status":"open","sticky":false,"template":"","format":"standard","meta":{"footnotes":""},"categories":[9],"tags":[],"class_list":["post-1307","post","type-post","status-publish","format-standard","hentry","category-noticias-no-aricanduva"],"aioseo_notices":[],"aioseo_head":"\n\t\t<!-- All in One SEO 5.0.0.1 - aioseo.com -->\n\t<meta name=\"description\" content=\"Ao menos tr\u00eas pessoas foram baleadas na zona leste de S\u00e3o Paulo na madrugada desta segunda-feira (24). Uma das v\u00edtimas foi atingida por volta 0h na avenida Milene Elias, no bairro Ermelino Matarazzo. O segundo crime aconteceu na avenida Paranagu\u00e1, no mesmo bairro, s\u00f3 que por volta das 0h15. Essa v\u00edtima foi socorrida pelo Samu (Servi\u00e7o\" \/>\n\t<meta name=\"robots\" content=\"max-image-preview:large\" \/>\n\t<meta name=\"author\" content=\"Encontra Aricanduva\"\/>\n\t<link rel=\"canonical\" href=\"https:\/\/www.encontraaricanduva.com.br\/sobre\/pessoa-e-baleada-em-aricanduva-durante-a-madrugada\/\" \/>\n\t<meta name=\"generator\" content=\"All in One SEO (AIOSEO) 5.0.0.1\" \/>\n\t\t<meta property=\"og:locale\" content=\"pt_BR\" \/>\n\t\t<meta property=\"og:site_name\" content=\"Encontra Aricanduva | Not\u00edcias, eventos, informa\u00e7\u00f5es e dicas no bairro do Aricanduva e regi\u00e3o\" \/>\n\t\t<meta property=\"og:type\" content=\"article\" \/>\n\t\t<meta property=\"og:title\" content=\"Uma pessoa \u00e9 baleada em Aricanduva durante a madrugada | Encontra Aricanduva\" \/>\n\t\t<meta property=\"og:description\" content=\"Ao menos tr\u00eas pessoas foram baleadas na zona leste de S\u00e3o Paulo na madrugada desta segunda-feira (24). Uma das v\u00edtimas foi atingida por volta 0h na avenida Milene Elias, no bairro Ermelino Matarazzo. O segundo crime aconteceu na avenida Paranagu\u00e1, no mesmo bairro, s\u00f3 que por volta das 0h15. Essa v\u00edtima foi socorrida pelo Samu (Servi\u00e7o\" \/>\n\t\t<meta property=\"og:url\" content=\"https:\/\/www.encontraaricanduva.com.br\/sobre\/pessoa-e-baleada-em-aricanduva-durante-a-madrugada\/\" \/>\n\t\t<meta property=\"article:published_time\" content=\"2013-06-24T12:37:47+00:00\" \/>\n\t\t<meta property=\"article:modified_time\" content=\"2013-06-25T11:43:51+00:00\" \/>\n\t\t<meta name=\"twitter:card\" content=\"summary_large_image\" \/>\n\t\t<meta name=\"twitter:title\" content=\"Uma pessoa \u00e9 baleada em Aricanduva durante a madrugada | Encontra Aricanduva\" \/>\n\t\t<meta name=\"twitter:description\" content=\"Ao menos tr\u00eas pessoas foram baleadas na zona leste de S\u00e3o Paulo na madrugada desta segunda-feira (24). Uma das v\u00edtimas foi atingida por volta 0h na avenida Milene Elias, no bairro Ermelino Matarazzo. O segundo crime aconteceu na avenida Paranagu\u00e1, no mesmo bairro, s\u00f3 que por volta das 0h15. Essa v\u00edtima foi socorrida pelo Samu (Servi\u00e7o\" \/>\n\t\t<script type=\"application\/ld+json\" class=\"aioseo-schema\">\n\t\t\t{\"@context\":\"https:\\\/\\\/schema.org\",\"@graph\":[{\"@type\":\"Article\",\"@id\":\"https:\\\/\\\/www.encontraaricanduva.com.br\\\/sobre\\\/pessoa-e-baleada-em-aricanduva-durante-a-madrugada\\\/#article\",\"name\":\"Uma pessoa \\u00e9 baleada em Aricanduva durante a madrugada | Encontra Aricanduva\",\"headline\":\"Uma pessoa \\u00e9 baleada em Aricanduva durante a madrugada\",\"author\":{\"@id\":\"https:\\\/\\\/www.encontraaricanduva.com.br\\\/sobre\\\/author\\\/earicanduva\\\/#author\"},\"publisher\":{\"@id\":\"https:\\\/\\\/www.encontraaricanduva.com.br\\\/sobre\\\/#organization\"},\"datePublished\":\"2013-06-24T12:37:47+00:00\",\"dateModified\":\"2013-06-25T11:43:51+00:00\",\"inLanguage\":\"pt-BR\",\"mainEntityOfPage\":{\"@id\":\"https:\\\/\\\/www.encontraaricanduva.com.br\\\/sobre\\\/pessoa-e-baleada-em-aricanduva-durante-a-madrugada\\\/#webpage\"},\"isPartOf\":{\"@id\":\"https:\\\/\\\/www.encontraaricanduva.com.br\\\/sobre\\\/pessoa-e-baleada-em-aricanduva-durante-a-madrugada\\\/#webpage\"},\"articleSection\":\"Not\\u00edcias Aricanduva\"},{\"@type\":\"BreadcrumbList\",\"@id\":\"https:\\\/\\\/www.encontraaricanduva.com.br\\\/sobre\\\/pessoa-e-baleada-em-aricanduva-durante-a-madrugada\\\/#breadcrumblist\",\"itemListElement\":[{\"@type\":\"ListItem\",\"@id\":\"https:\\\/\\\/www.encontraaricanduva.com.br\\\/sobre#listItem\",\"position\":1,\"name\":\"Home\",\"item\":\"https:\\\/\\\/www.encontraaricanduva.com.br\\\/sobre\",\"nextItem\":{\"@type\":\"ListItem\",\"@id\":\"https:\\\/\\\/www.encontraaricanduva.com.br\\\/sobre\\\/noticias-no-aricanduva\\\/#listItem\",\"name\":\"Not\\u00edcias Aricanduva\"}},{\"@type\":\"ListItem\",\"@id\":\"https:\\\/\\\/www.encontraaricanduva.com.br\\\/sobre\\\/noticias-no-aricanduva\\\/#listItem\",\"position\":2,\"name\":\"Not\\u00edcias Aricanduva\",\"item\":\"https:\\\/\\\/www.encontraaricanduva.com.br\\\/sobre\\\/noticias-no-aricanduva\\\/\",\"nextItem\":{\"@type\":\"ListItem\",\"@id\":\"https:\\\/\\\/www.encontraaricanduva.com.br\\\/sobre\\\/pessoa-e-baleada-em-aricanduva-durante-a-madrugada\\\/#listItem\",\"name\":\"Uma pessoa \\u00e9 baleada em Aricanduva durante a madrugada\"},\"previousItem\":{\"@type\":\"ListItem\",\"@id\":\"https:\\\/\\\/www.encontraaricanduva.com.br\\\/sobre#listItem\",\"name\":\"Home\"}},{\"@type\":\"ListItem\",\"@id\":\"https:\\\/\\\/www.encontraaricanduva.com.br\\\/sobre\\\/pessoa-e-baleada-em-aricanduva-durante-a-madrugada\\\/#listItem\",\"position\":3,\"name\":\"Uma pessoa \\u00e9 baleada em Aricanduva durante a madrugada\",\"previousItem\":{\"@type\":\"ListItem\",\"@id\":\"https:\\\/\\\/www.encontraaricanduva.com.br\\\/sobre\\\/noticias-no-aricanduva\\\/#listItem\",\"name\":\"Not\\u00edcias Aricanduva\"}}]},{\"@type\":\"Organization\",\"@id\":\"https:\\\/\\\/www.encontraaricanduva.com.br\\\/sobre\\\/#organization\",\"name\":\"Encontra Aricanduva\",\"description\":\"Not\\u00edcias, eventos, informa\\u00e7\\u00f5es e dicas no bairro do Aricanduva e regi\\u00e3o\",\"url\":\"https:\\\/\\\/www.encontraaricanduva.com.br\\\/sobre\\\/\"},{\"@type\":\"Person\",\"@id\":\"https:\\\/\\\/www.encontraaricanduva.com.br\\\/sobre\\\/author\\\/earicanduva\\\/#author\",\"url\":\"https:\\\/\\\/www.encontraaricanduva.com.br\\\/sobre\\\/author\\\/earicanduva\\\/\",\"name\":\"Encontra Aricanduva\",\"image\":{\"@type\":\"ImageObject\",\"@id\":\"https:\\\/\\\/www.encontraaricanduva.com.br\\\/sobre\\\/pessoa-e-baleada-em-aricanduva-durante-a-madrugada\\\/#authorImage\",\"url\":\"https:\\\/\\\/secure.gravatar.com\\\/avatar\\\/507340682b8270222e1f208e23198b6ae7e2c6a1033ae84e99bc6bce4f82a387?s=96&d=mm&r=g\",\"width\":96,\"height\":96,\"caption\":\"Encontra Aricanduva\"}},{\"@type\":\"WebPage\",\"@id\":\"https:\\\/\\\/www.encontraaricanduva.com.br\\\/sobre\\\/pessoa-e-baleada-em-aricanduva-durante-a-madrugada\\\/#webpage\",\"url\":\"https:\\\/\\\/www.encontraaricanduva.com.br\\\/sobre\\\/pessoa-e-baleada-em-aricanduva-durante-a-madrugada\\\/\",\"name\":\"Uma pessoa \\u00e9 baleada em Aricanduva durante a madrugada | Encontra Aricanduva\",\"description\":\"Ao menos tr\\u00eas pessoas foram baleadas na zona leste de S\\u00e3o Paulo na madrugada desta segunda-feira (24). Uma das v\\u00edtimas foi atingida por volta 0h na avenida Milene Elias, no bairro Ermelino Matarazzo. O segundo crime aconteceu na avenida Paranagu\\u00e1, no mesmo bairro, s\\u00f3 que por volta das 0h15. Essa v\\u00edtima foi socorrida pelo Samu (Servi\\u00e7o\",\"inLanguage\":\"pt-BR\",\"isPartOf\":{\"@id\":\"https:\\\/\\\/www.encontraaricanduva.com.br\\\/sobre\\\/#website\"},\"breadcrumb\":{\"@id\":\"https:\\\/\\\/www.encontraaricanduva.com.br\\\/sobre\\\/pessoa-e-baleada-em-aricanduva-durante-a-madrugada\\\/#breadcrumblist\"},\"author\":{\"@id\":\"https:\\\/\\\/www.encontraaricanduva.com.br\\\/sobre\\\/author\\\/earicanduva\\\/#author\"},\"creator\":{\"@id\":\"https:\\\/\\\/www.encontraaricanduva.com.br\\\/sobre\\\/author\\\/earicanduva\\\/#author\"},\"datePublished\":\"2013-06-24T12:37:47+00:00\",\"dateModified\":\"2013-06-25T11:43:51+00:00\"},{\"@type\":\"WebSite\",\"@id\":\"https:\\\/\\\/www.encontraaricanduva.com.br\\\/sobre\\\/#website\",\"url\":\"https:\\\/\\\/www.encontraaricanduva.com.br\\\/sobre\\\/\",\"name\":\"Encontra Aricanduva\",\"description\":\"Not\\u00edcias, eventos, informa\\u00e7\\u00f5es e dicas no bairro do Aricanduva e regi\\u00e3o\",\"inLanguage\":\"pt-BR\",\"publisher\":{\"@id\":\"https:\\\/\\\/www.encontraaricanduva.com.br\\\/sobre\\\/#organization\"}}]}\n\t\t<\/script>\n\t\t<!-- All in One SEO -->\n\n","aioseo_head_json":{"title":"Uma pessoa \u00e9 baleada em Aricanduva durante a madrugada | Encontra Aricanduva","description":"Ao menos tr\u00eas pessoas foram baleadas na zona leste de S\u00e3o Paulo na madrugada desta segunda-feira (24). Uma das v\u00edtimas foi atingida por volta 0h na avenida Milene Elias, no bairro Ermelino Matarazzo. O segundo crime aconteceu na avenida Paranagu\u00e1, no mesmo bairro, s\u00f3 que por volta das 0h15. Essa v\u00edtima foi socorrida pelo Samu (Servi\u00e7o","canonical_url":"https:\/\/www.encontraaricanduva.com.br\/sobre\/pessoa-e-baleada-em-aricanduva-durante-a-madrugada\/","robots":"max-image-preview:large","keywords":"","webmasterTools":{"miscellaneous":""},"schema":{"@context":"https:\/\/schema.org","@graph":[{"@type":"Article","@id":"https:\/\/www.encontraaricanduva.com.br\/sobre\/pessoa-e-baleada-em-aricanduva-durante-a-madrugada\/#article","name":"Uma pessoa \u00e9 baleada em Aricanduva durante a madrugada | Encontra Aricanduva","headline":"Uma pessoa \u00e9 baleada em Aricanduva durante a madrugada","author":{"@id":"https:\/\/www.encontraaricanduva.com.br\/sobre\/author\/earicanduva\/#author"},"publisher":{"@id":"https:\/\/www.encontraaricanduva.com.br\/sobre\/#organization"},"datePublished":"2013-06-24T12:37:47+00:00","dateModified":"2013-06-25T11:43:51+00:00","inLanguage":"pt-BR","mainEntityOfPage":{"@id":"https:\/\/www.encontraaricanduva.com.br\/sobre\/pessoa-e-baleada-em-aricanduva-durante-a-madrugada\/#webpage"},"isPartOf":{"@id":"https:\/\/www.encontraaricanduva.com.br\/sobre\/pessoa-e-baleada-em-aricanduva-durante-a-madrugada\/#webpage"},"articleSection":"Not\u00edcias Aricanduva"},{"@type":"BreadcrumbList","@id":"https:\/\/www.encontraaricanduva.com.br\/sobre\/pessoa-e-baleada-em-aricanduva-durante-a-madrugada\/#breadcrumblist","itemListElement":[{"@type":"ListItem","@id":"https:\/\/www.encontraaricanduva.com.br\/sobre#listItem","position":1,"name":"Home","item":"https:\/\/www.encontraaricanduva.com.br\/sobre","nextItem":{"@type":"ListItem","@id":"https:\/\/www.encontraaricanduva.com.br\/sobre\/noticias-no-aricanduva\/#listItem","name":"Not\u00edcias Aricanduva"}},{"@type":"ListItem","@id":"https:\/\/www.encontraaricanduva.com.br\/sobre\/noticias-no-aricanduva\/#listItem","position":2,"name":"Not\u00edcias Aricanduva","item":"https:\/\/www.encontraaricanduva.com.br\/sobre\/noticias-no-aricanduva\/","nextItem":{"@type":"ListItem","@id":"https:\/\/www.encontraaricanduva.com.br\/sobre\/pessoa-e-baleada-em-aricanduva-durante-a-madrugada\/#listItem","name":"Uma pessoa \u00e9 baleada em Aricanduva durante a madrugada"},"previousItem":{"@type":"ListItem","@id":"https:\/\/www.encontraaricanduva.com.br\/sobre#listItem","name":"Home"}},{"@type":"ListItem","@id":"https:\/\/www.encontraaricanduva.com.br\/sobre\/pessoa-e-baleada-em-aricanduva-durante-a-madrugada\/#listItem","position":3,"name":"Uma pessoa \u00e9 baleada em Aricanduva durante a madrugada","previousItem":{"@type":"ListItem","@id":"https:\/\/www.encontraaricanduva.com.br\/sobre\/noticias-no-aricanduva\/#listItem","name":"Not\u00edcias Aricanduva"}}]},{"@type":"Organization","@id":"https:\/\/www.encontraaricanduva.com.br\/sobre\/#organization","name":"Encontra Aricanduva","description":"Not\u00edcias, eventos, informa\u00e7\u00f5es e dicas no bairro do Aricanduva e regi\u00e3o","url":"https:\/\/www.encontraaricanduva.com.br\/sobre\/"},{"@type":"Person","@id":"https:\/\/www.encontraaricanduva.com.br\/sobre\/author\/earicanduva\/#author","url":"https:\/\/www.encontraaricanduva.com.br\/sobre\/author\/earicanduva\/","name":"Encontra Aricanduva","image":{"@type":"ImageObject","@id":"https:\/\/www.encontraaricanduva.com.br\/sobre\/pessoa-e-baleada-em-aricanduva-durante-a-madrugada\/#authorImage","url":"https:\/\/secure.gravatar.com\/avatar\/507340682b8270222e1f208e23198b6ae7e2c6a1033ae84e99bc6bce4f82a387?s=96&d=mm&r=g","width":96,"height":96,"caption":"Encontra Aricanduva"}},{"@type":"WebPage","@id":"https:\/\/www.encontraaricanduva.com.br\/sobre\/pessoa-e-baleada-em-aricanduva-durante-a-madrugada\/#webpage","url":"https:\/\/www.encontraaricanduva.com.br\/sobre\/pessoa-e-baleada-em-aricanduva-durante-a-madrugada\/","name":"Uma pessoa \u00e9 baleada em Aricanduva durante a madrugada | Encontra Aricanduva","description":"Ao menos tr\u00eas pessoas foram baleadas na zona leste de S\u00e3o Paulo na madrugada desta segunda-feira (24). Uma das v\u00edtimas foi atingida por volta 0h na avenida Milene Elias, no bairro Ermelino Matarazzo. O segundo crime aconteceu na avenida Paranagu\u00e1, no mesmo bairro, s\u00f3 que por volta das 0h15. Essa v\u00edtima foi socorrida pelo Samu (Servi\u00e7o","inLanguage":"pt-BR","isPartOf":{"@id":"https:\/\/www.encontraaricanduva.com.br\/sobre\/#website"},"breadcrumb":{"@id":"https:\/\/www.encontraaricanduva.com.br\/sobre\/pessoa-e-baleada-em-aricanduva-durante-a-madrugada\/#breadcrumblist"},"author":{"@id":"https:\/\/www.encontraaricanduva.com.br\/sobre\/author\/earicanduva\/#author"},"creator":{"@id":"https:\/\/www.encontraaricanduva.com.br\/sobre\/author\/earicanduva\/#author"},"datePublished":"2013-06-24T12:37:47+00:00","dateModified":"2013-06-25T11:43:51+00:00"},{"@type":"WebSite","@id":"https:\/\/www.encontraaricanduva.com.br\/sobre\/#website","url":"https:\/\/www.encontraaricanduva.com.br\/sobre\/","name":"Encontra Aricanduva","description":"Not\u00edcias, eventos, informa\u00e7\u00f5es e dicas no bairro do Aricanduva e regi\u00e3o","inLanguage":"pt-BR","publisher":{"@id":"https:\/\/www.encontraaricanduva.com.br\/sobre\/#organization"}}]},"og:locale":"pt_BR","og:site_name":"Encontra Aricanduva | Not\u00edcias, eventos, informa\u00e7\u00f5es e dicas no bairro do Aricanduva e regi\u00e3o","og:type":"article","og:title":"Uma pessoa \u00e9 baleada em Aricanduva durante a madrugada | Encontra Aricanduva","og:description":"Ao menos tr\u00eas pessoas foram baleadas na zona leste de S\u00e3o Paulo na madrugada desta segunda-feira (24). Uma das v\u00edtimas foi atingida por volta 0h na avenida Milene Elias, no bairro Ermelino Matarazzo. O segundo crime aconteceu na avenida Paranagu\u00e1, no mesmo bairro, s\u00f3 que por volta das 0h15. Essa v\u00edtima foi socorrida pelo Samu (Servi\u00e7o","og:url":"https:\/\/www.encontraaricanduva.com.br\/sobre\/pessoa-e-baleada-em-aricanduva-durante-a-madrugada\/","article:published_time":"2013-06-24T12:37:47+00:00","article:modified_time":"2013-06-25T11:43:51+00:00","twitter:card":"summary_large_image","twitter:title":"Uma pessoa \u00e9 baleada em Aricanduva durante a madrugada | Encontra Aricanduva","twitter:description":"Ao menos tr\u00eas pessoas foram baleadas na zona leste de S\u00e3o Paulo na madrugada desta segunda-feira (24). Uma das v\u00edtimas foi atingida por volta 0h na avenida Milene Elias, no bairro Ermelino Matarazzo. O segundo crime aconteceu na avenida Paranagu\u00e1, no mesmo bairro, s\u00f3 que por volta das 0h15. Essa v\u00edtima foi socorrida pelo Samu (Servi\u00e7o"},"aioseo_meta_data":{"post_id":"1307","title":null,"description":null,"keywords":null,"keyphrases":null,"primary_term":null,"canonical_url":null,"og_title":null,"og_description":null,"og_object_type":"default","og_image_type":"default","og_image_url":null,"og_image_width":null,"og_image_height":null,"og_image_custom_url":null,"og_image_custom_fields":null,"og_video":null,"og_custom_url":null,"og_article_section":null,"og_article_tags":null,"twitter_use_og":false,"twitter_card":"default","twitter_image_type":"default","twitter_image_url":null,"twitter_image_custom_url":null,"twitter_image_custom_fields":null,"twitter_title":null,"twitter_description":null,"schema":{"blockGraphs":[],"customGraphs":[],"default":{"data":{"Article":[],"Course":[],"Dataset":[],"FAQPage":[],"Movie":[],"Person":[],"Product":[],"ProductReview":[],"Car":[],"Recipe":[],"Service":[],"SoftwareApplication":[],"WebPage":[]},"graphName":"","isEnabled":true},"graphs":[]},"schema_type":"default","schema_type_options":null,"pillar_content":false,"robots_default":true,"robots_noindex":false,"robots_noarchive":false,"robots_nosnippet":false,"robots_nofollow":false,"robots_noimageindex":false,"robots_noodp":false,"robots_notranslate":false,"robots_max_snippet":null,"robots_max_videopreview":null,"robots_max_imagepreview":"large","priority":null,"frequency":null,"local_seo":null,"breadcrumb_settings":null,"limit_modified_date":false,"ai":null,"created":"2024-08-13 15:32:51","updated":"2025-09-10 18:34:51","focus_keyword":null,"additional_keywords":null,"truseo_locale":null,"seo_analyzer_scan_date":null},"aioseo_breadcrumb":"<div class=\"aioseo-breadcrumbs\"><span class=\"aioseo-breadcrumb\">\n\t\t\t<a href=\"https:\/\/www.encontraaricanduva.com.br\/sobre\" title=\"Home\">Home<\/a>\n\t\t<\/span><span class=\"aioseo-breadcrumb-separator\">&raquo;<\/span><span class=\"aioseo-breadcrumb\">\n\t\t\t<a href=\"https:\/\/www.encontraaricanduva.com.br\/sobre\/noticias-no-aricanduva\/\" title=\"Not\u00edcias Aricanduva\">Not\u00edcias Aricanduva<\/a>\n\t\t<\/span><span class=\"aioseo-breadcrumb-separator\">&raquo;<\/span><span class=\"aioseo-breadcrumb\">\n\t\t\tUma pessoa \u00e9 baleada em Aricanduva durante a madrugada\n\t\t<\/span><\/div>","aioseo_breadcrumb_json":[{"label":"Home","link":"https:\/\/www.encontraaricanduva.com.br\/sobre"},{"label":"Not\u00edcias Aricanduva","link":"https:\/\/www.encontraaricanduva.com.br\/sobre\/noticias-no-aricanduva\/"},{"label":"Uma pessoa \u00e9 baleada em Aricanduva durante a madrugada","link":"https:\/\/www.encontraaricanduva.com.br\/sobre\/pessoa-e-baleada-em-aricanduva-durante-a-madrugada\/"}],"_links":{"self":[{"href":"https:\/\/www.encontraaricanduva.com.br\/sobre\/wp-json\/wp\/v2\/posts\/1307","targetHints":{"allow":["GET"]}}],"collection":[{"href":"https:\/\/www.encontraaricanduva.com.br\/sobre\/wp-json\/wp\/v2\/posts"}],"about":[{"href":"https:\/\/www.encontraaricanduva.com.br\/sobre\/wp-json\/wp\/v2\/types\/post"}],"author":[{"embeddable":true,"href":"https:\/\/www.encontraaricanduva.com.br\/sobre\/wp-json\/wp\/v2\/users\/1"}],"replies":[{"embeddable":true,"href":"https:\/\/www.encontraaricanduva.com.br\/sobre\/wp-json\/wp\/v2\/comments?post=1307"}],"version-history":[{"count":0,"href":"https:\/\/www.encontraaricanduva.com.br\/sobre\/wp-json\/wp\/v2\/posts\/1307\/revisions"}],"wp:attachment":[{"href":"https:\/\/www.encontraaricanduva.com.br\/sobre\/wp-json\/wp\/v2\/media?parent=1307"}],"wp:term":[{"taxonomy":"category","embeddable":true,"href":"https:\/\/www.encontraaricanduva.com.br\/sobre\/wp-json\/wp\/v2\/categories?post=1307"},{"taxonomy":"post_tag","embeddable":true,"href":"https:\/\/www.encontraaricanduva.com.br\/sobre\/wp-json\/wp\/v2\/tags?post=1307"}],"curies":[{"name":"wp","href":"https:\/\/api.w.org\/{rel}","templated":true}]}}