{"id":1145,"date":"2013-01-09T14:01:16","date_gmt":"2013-01-09T14:01:16","guid":{"rendered":"http:\/\/www.encontraaricanduva.com.br\/noticias\/?p=1145"},"modified":"2013-08-12T18:37:11","modified_gmt":"2013-08-12T18:37:11","slug":"ceu-aricanduva-faz-parte-do-roteiro-da-vigesima-quinta-edicao-do-programa-recreio-nas-ferias","status":"publish","type":"post","link":"https:\/\/www.encontraaricanduva.com.br\/sobre\/ceu-aricanduva-faz-parte-do-roteiro-da-vigesima-quinta-edicao-do-programa-recreio-nas-ferias\/","title":{"rendered":"CEU Aricanduva faz parte do roteiro da vig\u00e9sima quinta edi\u00e7\u00e3o do programa Recreio nas F\u00e9rias"},"content":{"rendered":"<div class=\"0761f6a77d7312e6c166bb5f335a15c5\" data-index=\"1\" style=\"float: left; margin: 15px 15px 15px 0;\">\n<!-- EBR \/Novo-Bairro\/ 300x250 - pub-85 -->\r\n<ins class=\"adsbygoogle\"\r\n     style=\"display:inline-block;width:300px;height:250px\"\r\n     data-ad-client=\"ca-pub-8585364105181520\"\r\n     data-ad-slot=\"4691134188\"><\/ins>\r\n<script>\r\n(adsbygoogle = window.adsbygoogle || []).push({});\r\n<\/script>\r\n\n<\/div>\n<p>As crian\u00e7as e jovens de Itaquera e Aricanduva, que possuem a idade entre 4 e 16 anos, j\u00e1 podem se inscrever nas atividades da 25\u00aa edi\u00e7\u00e3o do programa Recreio nas F\u00e9rias. O evento ocorre entre os dias 14 e 24 de janeiro, de segunda a sexta-feira, das 9h \u00e0s 16h. Realizado pela Secretaria Municipal de Educa\u00e7\u00e3o da Cidade de S\u00e3o Paulo, o Recreio oferece gratuitamente uma s\u00e9rie de atividades l\u00fadicas, culturais, passeios e pr\u00e1ticas esportivas para que estudantes ou n\u00e3o da Rede Municipal de Ensino, possam se divertir, conhecer e aproveitar os espa\u00e7os p\u00fablicos paulistanos durante o recesso escolar. Al\u00e9m de participar da intensa programa\u00e7\u00e3o, os participantes tamb\u00e9m recebem tr\u00eas refei\u00e7\u00f5es ao dia.<\/p>\n<p>Para participar, a crian\u00e7ada deve ir at\u00e9 o polo mais pr\u00f3ximo de sua casa, acompanhada de um respons\u00e1vel e preencher a ficha de inscri\u00e7\u00e3o. \u00c9 preciso levar documento com foto do adulto e da crian\u00e7a. A 25\u00aa edi\u00e7\u00e3o do Recreio nas F\u00e9rias ter\u00e1 61 polos \u2013 entre CEUs, escolas municipais, equipamentos da Secretaria Municipal de Esportes e sedes de entidades sociais \u2013, mais de 120 atra\u00e7\u00f5es art\u00edsticas e de 676 passeios a museus, teatros, parques, planet\u00e1rios, ao Espa\u00e7o Cultural Catavento e unidades do SESC. Itaquera abre as portas de dois CEUS do bairro para a popula\u00e7\u00e3o. As inscri\u00e7\u00f5es ficam abertas at\u00e9 o preenchimento das vagas.<\/p>\n<p><strong>Servi\u00e7o:<\/strong><\/p>\n<p>Evento: 25\u00ba edi\u00e7\u00e3o do Recreio nas F\u00e9rias<\/p>\n<p>Data: de 14 a 24 de janeiro<\/p>\n<p>Hor\u00e1rio: das 9h \u00e0s 16h<\/p>\n<p><strong>Locais:<\/strong><\/p>\n<p><a title=\"CEU Aricanduva\" href=\"http:\/\/www.encontraaricanduva.com.br\/aricanduva\/ceu-aricanduva.shtml\" target=\"_blank\"><strong>CEU Aricanduva<\/strong><\/a><\/p>\n<p>Rua Olga Fadel Abarca, s\/n &#8211; Aricanduva<\/p>\n<p>Fones: 2723-7557 \/ 2723-7558<\/p>\n<p><strong>CEU Azul da Cor do Mar<\/strong><\/p>\n<p>Av. Ernesto Souza, 2171 &#8211; Encontra Itaquera<\/p>\n<p>Fones: 3397-9000 \/ 3397-9011<\/p>\n<p><em>Fonte: Prefeitura de S. Paulo<\/em><\/p>\n<p>&nbsp;<\/p>\n\n<div style=\"font-size: 0px; height: 0px; line-height: 0px; margin: 0; padding: 0; clear: both;\"><\/div>","protected":false},"excerpt":{"rendered":"<p>As crian\u00e7as e jovens de Itaquera e Aricanduva, que possuem a idade entre 4 e 16 anos, j\u00e1 podem se inscrever nas atividades da 25\u00aa edi\u00e7\u00e3o do programa Recreio nas F\u00e9rias. O evento ocorre entre os dias 14 e 24 de janeiro, de segunda a sexta-feira, das 9h \u00e0s 16h. Realizado pela Secretaria Municipal de Educa\u00e7\u00e3o da Cidade de S\u00e3o Paulo, o Recreio oferece gratuitamente uma s\u00e9rie de atividades l\u00fadicas, culturais, passeios e pr\u00e1ticas esportivas para que estudantes ou n\u00e3o da Rede Municipal de Ensino, possam se divertir, conhecer e aproveitar os espa\u00e7os p\u00fablicos paulistanos durante o recesso escolar. Al\u00e9m <\/p>\n","protected":false},"author":1,"featured_media":0,"comment_status":"open","ping_status":"open","sticky":false,"template":"","format":"standard","meta":{"footnotes":""},"categories":[9],"tags":[],"class_list":["post-1145","post","type-post","status-publish","format-standard","hentry","category-noticias-no-aricanduva"],"aioseo_notices":[],"aioseo_head":"\n\t\t<!-- All in One SEO 5.0.0.1 - aioseo.com -->\n\t<meta name=\"description\" content=\"As crian\u00e7as e jovens de Itaquera e Aricanduva, que possuem a idade entre 4 e 16 anos, j\u00e1 podem se inscrever nas atividades da 25\u00aa edi\u00e7\u00e3o do programa Recreio nas F\u00e9rias. O evento ocorre entre os dias 14 e 24 de janeiro, de segunda a sexta-feira, das 9h \u00e0s 16h. Realizado pela Secretaria Municipal de\" \/>\n\t<meta name=\"robots\" content=\"max-image-preview:large\" \/>\n\t<meta name=\"author\" content=\"Encontra Aricanduva\"\/>\n\t<link rel=\"canonical\" href=\"https:\/\/www.encontraaricanduva.com.br\/sobre\/ceu-aricanduva-faz-parte-do-roteiro-da-vigesima-quinta-edicao-do-programa-recreio-nas-ferias\/\" \/>\n\t<meta name=\"generator\" content=\"All in One SEO (AIOSEO) 5.0.0.1\" \/>\n\t\t<meta property=\"og:locale\" content=\"pt_BR\" \/>\n\t\t<meta property=\"og:site_name\" content=\"Encontra Aricanduva | Not\u00edcias, eventos, informa\u00e7\u00f5es e dicas no bairro do Aricanduva e regi\u00e3o\" \/>\n\t\t<meta property=\"og:type\" content=\"article\" \/>\n\t\t<meta property=\"og:title\" content=\"CEU Aricanduva faz parte do roteiro da vig\u00e9sima quinta edi\u00e7\u00e3o do programa Recreio nas F\u00e9rias | Encontra Aricanduva\" \/>\n\t\t<meta property=\"og:description\" content=\"As crian\u00e7as e jovens de Itaquera e Aricanduva, que possuem a idade entre 4 e 16 anos, j\u00e1 podem se inscrever nas atividades da 25\u00aa edi\u00e7\u00e3o do programa Recreio nas F\u00e9rias. O evento ocorre entre os dias 14 e 24 de janeiro, de segunda a sexta-feira, das 9h \u00e0s 16h. Realizado pela Secretaria Municipal de\" \/>\n\t\t<meta property=\"og:url\" content=\"https:\/\/www.encontraaricanduva.com.br\/sobre\/ceu-aricanduva-faz-parte-do-roteiro-da-vigesima-quinta-edicao-do-programa-recreio-nas-ferias\/\" \/>\n\t\t<meta property=\"article:published_time\" content=\"2013-01-09T14:01:16+00:00\" \/>\n\t\t<meta property=\"article:modified_time\" content=\"2013-08-12T18:37:11+00:00\" \/>\n\t\t<meta name=\"twitter:card\" content=\"summary_large_image\" \/>\n\t\t<meta name=\"twitter:title\" content=\"CEU Aricanduva faz parte do roteiro da vig\u00e9sima quinta edi\u00e7\u00e3o do programa Recreio nas F\u00e9rias | Encontra Aricanduva\" \/>\n\t\t<meta name=\"twitter:description\" content=\"As crian\u00e7as e jovens de Itaquera e Aricanduva, que possuem a idade entre 4 e 16 anos, j\u00e1 podem se inscrever nas atividades da 25\u00aa edi\u00e7\u00e3o do programa Recreio nas F\u00e9rias. O evento ocorre entre os dias 14 e 24 de janeiro, de segunda a sexta-feira, das 9h \u00e0s 16h. Realizado pela Secretaria Municipal de\" \/>\n\t\t<script type=\"application\/ld+json\" class=\"aioseo-schema\">\n\t\t\t{\"@context\":\"https:\\\/\\\/schema.org\",\"@graph\":[{\"@type\":\"Article\",\"@id\":\"https:\\\/\\\/www.encontraaricanduva.com.br\\\/sobre\\\/ceu-aricanduva-faz-parte-do-roteiro-da-vigesima-quinta-edicao-do-programa-recreio-nas-ferias\\\/#article\",\"name\":\"CEU Aricanduva faz parte do roteiro da vig\\u00e9sima quinta edi\\u00e7\\u00e3o do programa Recreio nas F\\u00e9rias | Encontra Aricanduva\",\"headline\":\"CEU Aricanduva faz parte do roteiro da vig\\u00e9sima quinta edi\\u00e7\\u00e3o do programa Recreio nas F\\u00e9rias\",\"author\":{\"@id\":\"https:\\\/\\\/www.encontraaricanduva.com.br\\\/sobre\\\/author\\\/earicanduva\\\/#author\"},\"publisher\":{\"@id\":\"https:\\\/\\\/www.encontraaricanduva.com.br\\\/sobre\\\/#organization\"},\"datePublished\":\"2013-01-09T14:01:16+00:00\",\"dateModified\":\"2013-08-12T18:37:11+00:00\",\"inLanguage\":\"pt-BR\",\"mainEntityOfPage\":{\"@id\":\"https:\\\/\\\/www.encontraaricanduva.com.br\\\/sobre\\\/ceu-aricanduva-faz-parte-do-roteiro-da-vigesima-quinta-edicao-do-programa-recreio-nas-ferias\\\/#webpage\"},\"isPartOf\":{\"@id\":\"https:\\\/\\\/www.encontraaricanduva.com.br\\\/sobre\\\/ceu-aricanduva-faz-parte-do-roteiro-da-vigesima-quinta-edicao-do-programa-recreio-nas-ferias\\\/#webpage\"},\"articleSection\":\"Not\\u00edcias Aricanduva\"},{\"@type\":\"BreadcrumbList\",\"@id\":\"https:\\\/\\\/www.encontraaricanduva.com.br\\\/sobre\\\/ceu-aricanduva-faz-parte-do-roteiro-da-vigesima-quinta-edicao-do-programa-recreio-nas-ferias\\\/#breadcrumblist\",\"itemListElement\":[{\"@type\":\"ListItem\",\"@id\":\"https:\\\/\\\/www.encontraaricanduva.com.br\\\/sobre#listItem\",\"position\":1,\"name\":\"Home\",\"item\":\"https:\\\/\\\/www.encontraaricanduva.com.br\\\/sobre\",\"nextItem\":{\"@type\":\"ListItem\",\"@id\":\"https:\\\/\\\/www.encontraaricanduva.com.br\\\/sobre\\\/noticias-no-aricanduva\\\/#listItem\",\"name\":\"Not\\u00edcias Aricanduva\"}},{\"@type\":\"ListItem\",\"@id\":\"https:\\\/\\\/www.encontraaricanduva.com.br\\\/sobre\\\/noticias-no-aricanduva\\\/#listItem\",\"position\":2,\"name\":\"Not\\u00edcias Aricanduva\",\"item\":\"https:\\\/\\\/www.encontraaricanduva.com.br\\\/sobre\\\/noticias-no-aricanduva\\\/\",\"nextItem\":{\"@type\":\"ListItem\",\"@id\":\"https:\\\/\\\/www.encontraaricanduva.com.br\\\/sobre\\\/ceu-aricanduva-faz-parte-do-roteiro-da-vigesima-quinta-edicao-do-programa-recreio-nas-ferias\\\/#listItem\",\"name\":\"CEU Aricanduva faz parte do roteiro da vig\\u00e9sima quinta edi\\u00e7\\u00e3o do programa Recreio nas F\\u00e9rias\"},\"previousItem\":{\"@type\":\"ListItem\",\"@id\":\"https:\\\/\\\/www.encontraaricanduva.com.br\\\/sobre#listItem\",\"name\":\"Home\"}},{\"@type\":\"ListItem\",\"@id\":\"https:\\\/\\\/www.encontraaricanduva.com.br\\\/sobre\\\/ceu-aricanduva-faz-parte-do-roteiro-da-vigesima-quinta-edicao-do-programa-recreio-nas-ferias\\\/#listItem\",\"position\":3,\"name\":\"CEU Aricanduva faz parte do roteiro da vig\\u00e9sima quinta edi\\u00e7\\u00e3o do programa Recreio nas F\\u00e9rias\",\"previousItem\":{\"@type\":\"ListItem\",\"@id\":\"https:\\\/\\\/www.encontraaricanduva.com.br\\\/sobre\\\/noticias-no-aricanduva\\\/#listItem\",\"name\":\"Not\\u00edcias Aricanduva\"}}]},{\"@type\":\"Organization\",\"@id\":\"https:\\\/\\\/www.encontraaricanduva.com.br\\\/sobre\\\/#organization\",\"name\":\"Encontra Aricanduva\",\"description\":\"Not\\u00edcias, eventos, informa\\u00e7\\u00f5es e dicas no bairro do Aricanduva e regi\\u00e3o\",\"url\":\"https:\\\/\\\/www.encontraaricanduva.com.br\\\/sobre\\\/\"},{\"@type\":\"Person\",\"@id\":\"https:\\\/\\\/www.encontraaricanduva.com.br\\\/sobre\\\/author\\\/earicanduva\\\/#author\",\"url\":\"https:\\\/\\\/www.encontraaricanduva.com.br\\\/sobre\\\/author\\\/earicanduva\\\/\",\"name\":\"Encontra Aricanduva\",\"image\":{\"@type\":\"ImageObject\",\"@id\":\"https:\\\/\\\/www.encontraaricanduva.com.br\\\/sobre\\\/ceu-aricanduva-faz-parte-do-roteiro-da-vigesima-quinta-edicao-do-programa-recreio-nas-ferias\\\/#authorImage\",\"url\":\"https:\\\/\\\/secure.gravatar.com\\\/avatar\\\/507340682b8270222e1f208e23198b6ae7e2c6a1033ae84e99bc6bce4f82a387?s=96&d=mm&r=g\",\"width\":96,\"height\":96,\"caption\":\"Encontra Aricanduva\"}},{\"@type\":\"WebPage\",\"@id\":\"https:\\\/\\\/www.encontraaricanduva.com.br\\\/sobre\\\/ceu-aricanduva-faz-parte-do-roteiro-da-vigesima-quinta-edicao-do-programa-recreio-nas-ferias\\\/#webpage\",\"url\":\"https:\\\/\\\/www.encontraaricanduva.com.br\\\/sobre\\\/ceu-aricanduva-faz-parte-do-roteiro-da-vigesima-quinta-edicao-do-programa-recreio-nas-ferias\\\/\",\"name\":\"CEU Aricanduva faz parte do roteiro da vig\\u00e9sima quinta edi\\u00e7\\u00e3o do programa Recreio nas F\\u00e9rias | Encontra Aricanduva\",\"description\":\"As crian\\u00e7as e jovens de Itaquera e Aricanduva, que possuem a idade entre 4 e 16 anos, j\\u00e1 podem se inscrever nas atividades da 25\\u00aa edi\\u00e7\\u00e3o do programa Recreio nas F\\u00e9rias. O evento ocorre entre os dias 14 e 24 de janeiro, de segunda a sexta-feira, das 9h \\u00e0s 16h. Realizado pela Secretaria Municipal de\",\"inLanguage\":\"pt-BR\",\"isPartOf\":{\"@id\":\"https:\\\/\\\/www.encontraaricanduva.com.br\\\/sobre\\\/#website\"},\"breadcrumb\":{\"@id\":\"https:\\\/\\\/www.encontraaricanduva.com.br\\\/sobre\\\/ceu-aricanduva-faz-parte-do-roteiro-da-vigesima-quinta-edicao-do-programa-recreio-nas-ferias\\\/#breadcrumblist\"},\"author\":{\"@id\":\"https:\\\/\\\/www.encontraaricanduva.com.br\\\/sobre\\\/author\\\/earicanduva\\\/#author\"},\"creator\":{\"@id\":\"https:\\\/\\\/www.encontraaricanduva.com.br\\\/sobre\\\/author\\\/earicanduva\\\/#author\"},\"datePublished\":\"2013-01-09T14:01:16+00:00\",\"dateModified\":\"2013-08-12T18:37:11+00:00\"},{\"@type\":\"WebSite\",\"@id\":\"https:\\\/\\\/www.encontraaricanduva.com.br\\\/sobre\\\/#website\",\"url\":\"https:\\\/\\\/www.encontraaricanduva.com.br\\\/sobre\\\/\",\"name\":\"Encontra Aricanduva\",\"description\":\"Not\\u00edcias, eventos, informa\\u00e7\\u00f5es e dicas no bairro do Aricanduva e regi\\u00e3o\",\"inLanguage\":\"pt-BR\",\"publisher\":{\"@id\":\"https:\\\/\\\/www.encontraaricanduva.com.br\\\/sobre\\\/#organization\"}}]}\n\t\t<\/script>\n\t\t<!-- All in One SEO -->\n\n","aioseo_head_json":{"title":"CEU Aricanduva faz parte do roteiro da vig\u00e9sima quinta edi\u00e7\u00e3o do programa Recreio nas F\u00e9rias | Encontra Aricanduva","description":"As crian\u00e7as e jovens de Itaquera e Aricanduva, que possuem a idade entre 4 e 16 anos, j\u00e1 podem se inscrever nas atividades da 25\u00aa edi\u00e7\u00e3o do programa Recreio nas F\u00e9rias. O evento ocorre entre os dias 14 e 24 de janeiro, de segunda a sexta-feira, das 9h \u00e0s 16h. Realizado pela Secretaria Municipal de","canonical_url":"https:\/\/www.encontraaricanduva.com.br\/sobre\/ceu-aricanduva-faz-parte-do-roteiro-da-vigesima-quinta-edicao-do-programa-recreio-nas-ferias\/","robots":"max-image-preview:large","keywords":"","webmasterTools":{"miscellaneous":""},"schema":{"@context":"https:\/\/schema.org","@graph":[{"@type":"Article","@id":"https:\/\/www.encontraaricanduva.com.br\/sobre\/ceu-aricanduva-faz-parte-do-roteiro-da-vigesima-quinta-edicao-do-programa-recreio-nas-ferias\/#article","name":"CEU Aricanduva faz parte do roteiro da vig\u00e9sima quinta edi\u00e7\u00e3o do programa Recreio nas F\u00e9rias | Encontra Aricanduva","headline":"CEU Aricanduva faz parte do roteiro da vig\u00e9sima quinta edi\u00e7\u00e3o do programa Recreio nas F\u00e9rias","author":{"@id":"https:\/\/www.encontraaricanduva.com.br\/sobre\/author\/earicanduva\/#author"},"publisher":{"@id":"https:\/\/www.encontraaricanduva.com.br\/sobre\/#organization"},"datePublished":"2013-01-09T14:01:16+00:00","dateModified":"2013-08-12T18:37:11+00:00","inLanguage":"pt-BR","mainEntityOfPage":{"@id":"https:\/\/www.encontraaricanduva.com.br\/sobre\/ceu-aricanduva-faz-parte-do-roteiro-da-vigesima-quinta-edicao-do-programa-recreio-nas-ferias\/#webpage"},"isPartOf":{"@id":"https:\/\/www.encontraaricanduva.com.br\/sobre\/ceu-aricanduva-faz-parte-do-roteiro-da-vigesima-quinta-edicao-do-programa-recreio-nas-ferias\/#webpage"},"articleSection":"Not\u00edcias Aricanduva"},{"@type":"BreadcrumbList","@id":"https:\/\/www.encontraaricanduva.com.br\/sobre\/ceu-aricanduva-faz-parte-do-roteiro-da-vigesima-quinta-edicao-do-programa-recreio-nas-ferias\/#breadcrumblist","itemListElement":[{"@type":"ListItem","@id":"https:\/\/www.encontraaricanduva.com.br\/sobre#listItem","position":1,"name":"Home","item":"https:\/\/www.encontraaricanduva.com.br\/sobre","nextItem":{"@type":"ListItem","@id":"https:\/\/www.encontraaricanduva.com.br\/sobre\/noticias-no-aricanduva\/#listItem","name":"Not\u00edcias Aricanduva"}},{"@type":"ListItem","@id":"https:\/\/www.encontraaricanduva.com.br\/sobre\/noticias-no-aricanduva\/#listItem","position":2,"name":"Not\u00edcias Aricanduva","item":"https:\/\/www.encontraaricanduva.com.br\/sobre\/noticias-no-aricanduva\/","nextItem":{"@type":"ListItem","@id":"https:\/\/www.encontraaricanduva.com.br\/sobre\/ceu-aricanduva-faz-parte-do-roteiro-da-vigesima-quinta-edicao-do-programa-recreio-nas-ferias\/#listItem","name":"CEU Aricanduva faz parte do roteiro da vig\u00e9sima quinta edi\u00e7\u00e3o do programa Recreio nas F\u00e9rias"},"previousItem":{"@type":"ListItem","@id":"https:\/\/www.encontraaricanduva.com.br\/sobre#listItem","name":"Home"}},{"@type":"ListItem","@id":"https:\/\/www.encontraaricanduva.com.br\/sobre\/ceu-aricanduva-faz-parte-do-roteiro-da-vigesima-quinta-edicao-do-programa-recreio-nas-ferias\/#listItem","position":3,"name":"CEU Aricanduva faz parte do roteiro da vig\u00e9sima quinta edi\u00e7\u00e3o do programa Recreio nas F\u00e9rias","previousItem":{"@type":"ListItem","@id":"https:\/\/www.encontraaricanduva.com.br\/sobre\/noticias-no-aricanduva\/#listItem","name":"Not\u00edcias Aricanduva"}}]},{"@type":"Organization","@id":"https:\/\/www.encontraaricanduva.com.br\/sobre\/#organization","name":"Encontra Aricanduva","description":"Not\u00edcias, eventos, informa\u00e7\u00f5es e dicas no bairro do Aricanduva e regi\u00e3o","url":"https:\/\/www.encontraaricanduva.com.br\/sobre\/"},{"@type":"Person","@id":"https:\/\/www.encontraaricanduva.com.br\/sobre\/author\/earicanduva\/#author","url":"https:\/\/www.encontraaricanduva.com.br\/sobre\/author\/earicanduva\/","name":"Encontra Aricanduva","image":{"@type":"ImageObject","@id":"https:\/\/www.encontraaricanduva.com.br\/sobre\/ceu-aricanduva-faz-parte-do-roteiro-da-vigesima-quinta-edicao-do-programa-recreio-nas-ferias\/#authorImage","url":"https:\/\/secure.gravatar.com\/avatar\/507340682b8270222e1f208e23198b6ae7e2c6a1033ae84e99bc6bce4f82a387?s=96&d=mm&r=g","width":96,"height":96,"caption":"Encontra Aricanduva"}},{"@type":"WebPage","@id":"https:\/\/www.encontraaricanduva.com.br\/sobre\/ceu-aricanduva-faz-parte-do-roteiro-da-vigesima-quinta-edicao-do-programa-recreio-nas-ferias\/#webpage","url":"https:\/\/www.encontraaricanduva.com.br\/sobre\/ceu-aricanduva-faz-parte-do-roteiro-da-vigesima-quinta-edicao-do-programa-recreio-nas-ferias\/","name":"CEU Aricanduva faz parte do roteiro da vig\u00e9sima quinta edi\u00e7\u00e3o do programa Recreio nas F\u00e9rias | Encontra Aricanduva","description":"As crian\u00e7as e jovens de Itaquera e Aricanduva, que possuem a idade entre 4 e 16 anos, j\u00e1 podem se inscrever nas atividades da 25\u00aa edi\u00e7\u00e3o do programa Recreio nas F\u00e9rias. O evento ocorre entre os dias 14 e 24 de janeiro, de segunda a sexta-feira, das 9h \u00e0s 16h. Realizado pela Secretaria Municipal de","inLanguage":"pt-BR","isPartOf":{"@id":"https:\/\/www.encontraaricanduva.com.br\/sobre\/#website"},"breadcrumb":{"@id":"https:\/\/www.encontraaricanduva.com.br\/sobre\/ceu-aricanduva-faz-parte-do-roteiro-da-vigesima-quinta-edicao-do-programa-recreio-nas-ferias\/#breadcrumblist"},"author":{"@id":"https:\/\/www.encontraaricanduva.com.br\/sobre\/author\/earicanduva\/#author"},"creator":{"@id":"https:\/\/www.encontraaricanduva.com.br\/sobre\/author\/earicanduva\/#author"},"datePublished":"2013-01-09T14:01:16+00:00","dateModified":"2013-08-12T18:37:11+00:00"},{"@type":"WebSite","@id":"https:\/\/www.encontraaricanduva.com.br\/sobre\/#website","url":"https:\/\/www.encontraaricanduva.com.br\/sobre\/","name":"Encontra Aricanduva","description":"Not\u00edcias, eventos, informa\u00e7\u00f5es e dicas no bairro do Aricanduva e regi\u00e3o","inLanguage":"pt-BR","publisher":{"@id":"https:\/\/www.encontraaricanduva.com.br\/sobre\/#organization"}}]},"og:locale":"pt_BR","og:site_name":"Encontra Aricanduva | Not\u00edcias, eventos, informa\u00e7\u00f5es e dicas no bairro do Aricanduva e regi\u00e3o","og:type":"article","og:title":"CEU Aricanduva faz parte do roteiro da vig\u00e9sima quinta edi\u00e7\u00e3o do programa Recreio nas F\u00e9rias | Encontra Aricanduva","og:description":"As crian\u00e7as e jovens de Itaquera e Aricanduva, que possuem a idade entre 4 e 16 anos, j\u00e1 podem se inscrever nas atividades da 25\u00aa edi\u00e7\u00e3o do programa Recreio nas F\u00e9rias. O evento ocorre entre os dias 14 e 24 de janeiro, de segunda a sexta-feira, das 9h \u00e0s 16h. Realizado pela Secretaria Municipal de","og:url":"https:\/\/www.encontraaricanduva.com.br\/sobre\/ceu-aricanduva-faz-parte-do-roteiro-da-vigesima-quinta-edicao-do-programa-recreio-nas-ferias\/","article:published_time":"2013-01-09T14:01:16+00:00","article:modified_time":"2013-08-12T18:37:11+00:00","twitter:card":"summary_large_image","twitter:title":"CEU Aricanduva faz parte do roteiro da vig\u00e9sima quinta edi\u00e7\u00e3o do programa Recreio nas F\u00e9rias | Encontra Aricanduva","twitter:description":"As crian\u00e7as e jovens de Itaquera e Aricanduva, que possuem a idade entre 4 e 16 anos, j\u00e1 podem se inscrever nas atividades da 25\u00aa edi\u00e7\u00e3o do programa Recreio nas F\u00e9rias. O evento ocorre entre os dias 14 e 24 de janeiro, de segunda a sexta-feira, das 9h \u00e0s 16h. Realizado pela Secretaria Municipal de"},"aioseo_meta_data":{"post_id":"1145","title":null,"description":null,"keywords":null,"keyphrases":null,"primary_term":null,"canonical_url":null,"og_title":null,"og_description":null,"og_object_type":"default","og_image_type":"default","og_image_url":null,"og_image_width":null,"og_image_height":null,"og_image_custom_url":null,"og_image_custom_fields":null,"og_video":null,"og_custom_url":null,"og_article_section":null,"og_article_tags":null,"twitter_use_og":false,"twitter_card":"default","twitter_image_type":"default","twitter_image_url":null,"twitter_image_custom_url":null,"twitter_image_custom_fields":null,"twitter_title":null,"twitter_description":null,"schema":{"blockGraphs":[],"customGraphs":[],"default":{"data":{"Article":[],"Course":[],"Dataset":[],"FAQPage":[],"Movie":[],"Person":[],"Product":[],"ProductReview":[],"Car":[],"Recipe":[],"Service":[],"SoftwareApplication":[],"WebPage":[]},"graphName":"Article","isEnabled":true},"graphs":[]},"schema_type":"default","schema_type_options":null,"pillar_content":false,"robots_default":true,"robots_noindex":false,"robots_noarchive":false,"robots_nosnippet":false,"robots_nofollow":false,"robots_noimageindex":false,"robots_noodp":false,"robots_notranslate":false,"robots_max_snippet":null,"robots_max_videopreview":null,"robots_max_imagepreview":"large","priority":null,"frequency":null,"local_seo":null,"breadcrumb_settings":null,"limit_modified_date":false,"ai":null,"created":"2024-08-15 19:07:24","updated":"2025-09-10 18:22:59","focus_keyword":null,"additional_keywords":null,"truseo_locale":null,"seo_analyzer_scan_date":null},"aioseo_breadcrumb":"<div class=\"aioseo-breadcrumbs\"><span class=\"aioseo-breadcrumb\">\n\t\t\t<a href=\"https:\/\/www.encontraaricanduva.com.br\/sobre\" title=\"Home\">Home<\/a>\n\t\t<\/span><span class=\"aioseo-breadcrumb-separator\">&raquo;<\/span><span class=\"aioseo-breadcrumb\">\n\t\t\t<a href=\"https:\/\/www.encontraaricanduva.com.br\/sobre\/noticias-no-aricanduva\/\" title=\"Not\u00edcias Aricanduva\">Not\u00edcias Aricanduva<\/a>\n\t\t<\/span><span class=\"aioseo-breadcrumb-separator\">&raquo;<\/span><span class=\"aioseo-breadcrumb\">\n\t\t\tCEU Aricanduva faz parte do roteiro da vig\u00e9sima quinta edi\u00e7\u00e3o do programa Recreio nas F\u00e9rias\n\t\t<\/span><\/div>","aioseo_breadcrumb_json":[{"label":"Home","link":"https:\/\/www.encontraaricanduva.com.br\/sobre"},{"label":"Not\u00edcias Aricanduva","link":"https:\/\/www.encontraaricanduva.com.br\/sobre\/noticias-no-aricanduva\/"},{"label":"CEU Aricanduva faz parte do roteiro da vig\u00e9sima quinta edi\u00e7\u00e3o do programa Recreio nas F\u00e9rias","link":"https:\/\/www.encontraaricanduva.com.br\/sobre\/ceu-aricanduva-faz-parte-do-roteiro-da-vigesima-quinta-edicao-do-programa-recreio-nas-ferias\/"}],"_links":{"self":[{"href":"https:\/\/www.encontraaricanduva.com.br\/sobre\/wp-json\/wp\/v2\/posts\/1145","targetHints":{"allow":["GET"]}}],"collection":[{"href":"https:\/\/www.encontraaricanduva.com.br\/sobre\/wp-json\/wp\/v2\/posts"}],"about":[{"href":"https:\/\/www.encontraaricanduva.com.br\/sobre\/wp-json\/wp\/v2\/types\/post"}],"author":[{"embeddable":true,"href":"https:\/\/www.encontraaricanduva.com.br\/sobre\/wp-json\/wp\/v2\/users\/1"}],"replies":[{"embeddable":true,"href":"https:\/\/www.encontraaricanduva.com.br\/sobre\/wp-json\/wp\/v2\/comments?post=1145"}],"version-history":[{"count":0,"href":"https:\/\/www.encontraaricanduva.com.br\/sobre\/wp-json\/wp\/v2\/posts\/1145\/revisions"}],"wp:attachment":[{"href":"https:\/\/www.encontraaricanduva.com.br\/sobre\/wp-json\/wp\/v2\/media?parent=1145"}],"wp:term":[{"taxonomy":"category","embeddable":true,"href":"https:\/\/www.encontraaricanduva.com.br\/sobre\/wp-json\/wp\/v2\/categories?post=1145"},{"taxonomy":"post_tag","embeddable":true,"href":"https:\/\/www.encontraaricanduva.com.br\/sobre\/wp-json\/wp\/v2\/tags?post=1145"}],"curies":[{"name":"wp","href":"https:\/\/api.w.org\/{rel}","templated":true}]}}