{"id":1138,"date":"2013-01-07T01:03:54","date_gmt":"2013-01-07T01:03:54","guid":{"rendered":"http:\/\/www.encontraaricanduva.com.br\/noticias\/?p=1138"},"modified":"2013-08-12T18:37:11","modified_gmt":"2013-08-12T18:37:11","slug":"subprefeitura-aricanduva-passa-a-contar-com-atendimento-especifico-para-deficientes-auditivos","status":"publish","type":"post","link":"https:\/\/www.encontraaricanduva.com.br\/sobre\/subprefeitura-aricanduva-passa-a-contar-com-atendimento-especifico-para-deficientes-auditivos\/","title":{"rendered":"Subprefeitura Aricanduva passa a contar com atendimento espec\u00edfico para deficientes auditivos"},"content":{"rendered":"<div class=\"0761f6a77d7312e6c166bb5f335a15c5\" data-index=\"1\" style=\"float: left; margin: 15px 15px 15px 0;\">\n<!-- EBR \/Novo-Bairro\/ 300x250 - pub-85 -->\r\n<ins class=\"adsbygoogle\"\r\n     style=\"display:inline-block;width:300px;height:250px\"\r\n     data-ad-client=\"ca-pub-8585364105181520\"\r\n     data-ad-slot=\"4691134188\"><\/ins>\r\n<script>\r\n(adsbygoogle = window.adsbygoogle || []).push({});\r\n<\/script>\r\n\n<\/div>\n<p>Todas as 31 Subprefeituras da cidade j\u00e1 contam com atendimento exclusivo para deficientes auditivos em suas Pra\u00e7as de Atendimento, atrav\u00e9s de computadores equipados com webcam e atendentes capacitados na linguagem de Libras (L\u00edngua Brasileira de Sinais). Uma parceria entre as secretarias de Coordena\u00e7\u00e3o das Subprefeituras e a Secretaria da Pessoa com Mobilidade Reduzida possibilitou as instala\u00e7\u00f5es, que vai promover aos deficientes o acesso facilitado aos servi\u00e7os municipais dispon\u00edveis nas Subprefeituras.<\/p>\n<p>Os profissionais capacitados ficam na chamada Central de Libras, Int\u00e9rpretes e Guia-Int\u00e9rpretes (Celig), da Secretaria da Pessoa com Mobilidade Reduzida, e s\u00e3o os respons\u00e1veis pelo contato entre o cidad\u00e3o e o funcion\u00e1rio da Subprefeitura respons\u00e1vel pelas demandas. O atendimento ocorre de segunda a sexta, entre 8h e 17h.<\/p>\n<p>As Pra\u00e7as de Atendimento recebem aproximadamente 350 solicita\u00e7\u00f5es diariamente. O projeto tamb\u00e9m deve ser implantado em outros equipamentos p\u00fablicos, como hospitais e Unidades B\u00e1sicas de Sa\u00fade.<\/p>\n<p><strong>Servi\u00e7o:<\/strong><br \/>\n<a title=\"Subprefeitura de Aricanduva\" href=\"http:\/\/www.encontraaricanduva.com.br\/aricanduva\/subprefeitura-do-aricanduva.shtml\" target=\"_blank\">Subprefeitura de Aricanduva<\/a><br \/>\n<strong>Endere\u00e7o:<\/strong> Rua Atucuri, 699 \u2013 Bairro Carr\u00e3o \u2013 S\u00e3o Paulo &#8211; SP<br \/>\nCEP: 03411-000<br \/>\n<strong>Telefone:<\/strong> (11) 3396-0800<\/p>\n\n<div style=\"font-size: 0px; height: 0px; line-height: 0px; margin: 0; padding: 0; clear: both;\"><\/div>","protected":false},"excerpt":{"rendered":"<p>Todas as 31 Subprefeituras da cidade j\u00e1 contam com atendimento exclusivo para deficientes auditivos em suas Pra\u00e7as de Atendimento, atrav\u00e9s de computadores equipados com webcam e atendentes capacitados na linguagem de Libras (L\u00edngua Brasileira de Sinais). Uma parceria entre as secretarias de Coordena\u00e7\u00e3o das Subprefeituras e a Secretaria da Pessoa com Mobilidade Reduzida possibilitou as instala\u00e7\u00f5es, que vai promover aos deficientes o acesso facilitado aos servi\u00e7os municipais dispon\u00edveis nas Subprefeituras. Os profissionais capacitados ficam na chamada Central de Libras, Int\u00e9rpretes e Guia-Int\u00e9rpretes (Celig), da Secretaria da Pessoa com Mobilidade Reduzida, e s\u00e3o os respons\u00e1veis pelo contato entre o cidad\u00e3o e <\/p>\n","protected":false},"author":1,"featured_media":0,"comment_status":"open","ping_status":"open","sticky":false,"template":"","format":"standard","meta":{"footnotes":""},"categories":[9],"tags":[],"class_list":["post-1138","post","type-post","status-publish","format-standard","hentry","category-noticias-no-aricanduva"],"aioseo_notices":[],"aioseo_head":"\n\t\t<!-- All in One SEO 5.0.0.1 - aioseo.com -->\n\t<meta name=\"description\" content=\"Todas as 31 Subprefeituras da cidade j\u00e1 contam com atendimento exclusivo para deficientes auditivos em suas Pra\u00e7as de Atendimento, atrav\u00e9s de computadores equipados com webcam e atendentes capacitados na linguagem de Libras (L\u00edngua Brasileira de Sinais). Uma parceria entre as secretarias de Coordena\u00e7\u00e3o das Subprefeituras e a Secretaria da Pessoa com Mobilidade Reduzida possibilitou as\" \/>\n\t<meta name=\"robots\" content=\"max-image-preview:large\" \/>\n\t<meta name=\"author\" content=\"Encontra Aricanduva\"\/>\n\t<link rel=\"canonical\" href=\"https:\/\/www.encontraaricanduva.com.br\/sobre\/subprefeitura-aricanduva-passa-a-contar-com-atendimento-especifico-para-deficientes-auditivos\/\" \/>\n\t<meta name=\"generator\" content=\"All in One SEO (AIOSEO) 5.0.0.1\" \/>\n\t\t<meta property=\"og:locale\" content=\"pt_BR\" \/>\n\t\t<meta property=\"og:site_name\" content=\"Encontra Aricanduva | Not\u00edcias, eventos, informa\u00e7\u00f5es e dicas no bairro do Aricanduva e regi\u00e3o\" \/>\n\t\t<meta property=\"og:type\" content=\"article\" \/>\n\t\t<meta property=\"og:title\" content=\"Subprefeitura Aricanduva passa a contar com atendimento espec\u00edfico para deficientes auditivos | Encontra Aricanduva\" \/>\n\t\t<meta property=\"og:description\" content=\"Todas as 31 Subprefeituras da cidade j\u00e1 contam com atendimento exclusivo para deficientes auditivos em suas Pra\u00e7as de Atendimento, atrav\u00e9s de computadores equipados com webcam e atendentes capacitados na linguagem de Libras (L\u00edngua Brasileira de Sinais). Uma parceria entre as secretarias de Coordena\u00e7\u00e3o das Subprefeituras e a Secretaria da Pessoa com Mobilidade Reduzida possibilitou as\" \/>\n\t\t<meta property=\"og:url\" content=\"https:\/\/www.encontraaricanduva.com.br\/sobre\/subprefeitura-aricanduva-passa-a-contar-com-atendimento-especifico-para-deficientes-auditivos\/\" \/>\n\t\t<meta property=\"article:published_time\" content=\"2013-01-07T01:03:54+00:00\" \/>\n\t\t<meta property=\"article:modified_time\" content=\"2013-08-12T18:37:11+00:00\" \/>\n\t\t<meta name=\"twitter:card\" content=\"summary_large_image\" \/>\n\t\t<meta name=\"twitter:title\" content=\"Subprefeitura Aricanduva passa a contar com atendimento espec\u00edfico para deficientes auditivos | Encontra Aricanduva\" \/>\n\t\t<meta name=\"twitter:description\" content=\"Todas as 31 Subprefeituras da cidade j\u00e1 contam com atendimento exclusivo para deficientes auditivos em suas Pra\u00e7as de Atendimento, atrav\u00e9s de computadores equipados com webcam e atendentes capacitados na linguagem de Libras (L\u00edngua Brasileira de Sinais). Uma parceria entre as secretarias de Coordena\u00e7\u00e3o das Subprefeituras e a Secretaria da Pessoa com Mobilidade Reduzida possibilitou as\" \/>\n\t\t<script type=\"application\/ld+json\" class=\"aioseo-schema\">\n\t\t\t{\"@context\":\"https:\\\/\\\/schema.org\",\"@graph\":[{\"@type\":\"Article\",\"@id\":\"https:\\\/\\\/www.encontraaricanduva.com.br\\\/sobre\\\/subprefeitura-aricanduva-passa-a-contar-com-atendimento-especifico-para-deficientes-auditivos\\\/#article\",\"name\":\"Subprefeitura Aricanduva passa a contar com atendimento espec\\u00edfico para deficientes auditivos | Encontra Aricanduva\",\"headline\":\"Subprefeitura Aricanduva passa a contar com atendimento espec\\u00edfico para deficientes auditivos\",\"author\":{\"@id\":\"https:\\\/\\\/www.encontraaricanduva.com.br\\\/sobre\\\/author\\\/earicanduva\\\/#author\"},\"publisher\":{\"@id\":\"https:\\\/\\\/www.encontraaricanduva.com.br\\\/sobre\\\/#organization\"},\"datePublished\":\"2013-01-07T01:03:54+00:00\",\"dateModified\":\"2013-08-12T18:37:11+00:00\",\"inLanguage\":\"pt-BR\",\"mainEntityOfPage\":{\"@id\":\"https:\\\/\\\/www.encontraaricanduva.com.br\\\/sobre\\\/subprefeitura-aricanduva-passa-a-contar-com-atendimento-especifico-para-deficientes-auditivos\\\/#webpage\"},\"isPartOf\":{\"@id\":\"https:\\\/\\\/www.encontraaricanduva.com.br\\\/sobre\\\/subprefeitura-aricanduva-passa-a-contar-com-atendimento-especifico-para-deficientes-auditivos\\\/#webpage\"},\"articleSection\":\"Not\\u00edcias Aricanduva\"},{\"@type\":\"BreadcrumbList\",\"@id\":\"https:\\\/\\\/www.encontraaricanduva.com.br\\\/sobre\\\/subprefeitura-aricanduva-passa-a-contar-com-atendimento-especifico-para-deficientes-auditivos\\\/#breadcrumblist\",\"itemListElement\":[{\"@type\":\"ListItem\",\"@id\":\"https:\\\/\\\/www.encontraaricanduva.com.br\\\/sobre#listItem\",\"position\":1,\"name\":\"Home\",\"item\":\"https:\\\/\\\/www.encontraaricanduva.com.br\\\/sobre\",\"nextItem\":{\"@type\":\"ListItem\",\"@id\":\"https:\\\/\\\/www.encontraaricanduva.com.br\\\/sobre\\\/noticias-no-aricanduva\\\/#listItem\",\"name\":\"Not\\u00edcias Aricanduva\"}},{\"@type\":\"ListItem\",\"@id\":\"https:\\\/\\\/www.encontraaricanduva.com.br\\\/sobre\\\/noticias-no-aricanduva\\\/#listItem\",\"position\":2,\"name\":\"Not\\u00edcias Aricanduva\",\"item\":\"https:\\\/\\\/www.encontraaricanduva.com.br\\\/sobre\\\/noticias-no-aricanduva\\\/\",\"nextItem\":{\"@type\":\"ListItem\",\"@id\":\"https:\\\/\\\/www.encontraaricanduva.com.br\\\/sobre\\\/subprefeitura-aricanduva-passa-a-contar-com-atendimento-especifico-para-deficientes-auditivos\\\/#listItem\",\"name\":\"Subprefeitura Aricanduva passa a contar com atendimento espec\\u00edfico para deficientes auditivos\"},\"previousItem\":{\"@type\":\"ListItem\",\"@id\":\"https:\\\/\\\/www.encontraaricanduva.com.br\\\/sobre#listItem\",\"name\":\"Home\"}},{\"@type\":\"ListItem\",\"@id\":\"https:\\\/\\\/www.encontraaricanduva.com.br\\\/sobre\\\/subprefeitura-aricanduva-passa-a-contar-com-atendimento-especifico-para-deficientes-auditivos\\\/#listItem\",\"position\":3,\"name\":\"Subprefeitura Aricanduva passa a contar com atendimento espec\\u00edfico para deficientes auditivos\",\"previousItem\":{\"@type\":\"ListItem\",\"@id\":\"https:\\\/\\\/www.encontraaricanduva.com.br\\\/sobre\\\/noticias-no-aricanduva\\\/#listItem\",\"name\":\"Not\\u00edcias Aricanduva\"}}]},{\"@type\":\"Organization\",\"@id\":\"https:\\\/\\\/www.encontraaricanduva.com.br\\\/sobre\\\/#organization\",\"name\":\"Encontra Aricanduva\",\"description\":\"Not\\u00edcias, eventos, informa\\u00e7\\u00f5es e dicas no bairro do Aricanduva e regi\\u00e3o\",\"url\":\"https:\\\/\\\/www.encontraaricanduva.com.br\\\/sobre\\\/\"},{\"@type\":\"Person\",\"@id\":\"https:\\\/\\\/www.encontraaricanduva.com.br\\\/sobre\\\/author\\\/earicanduva\\\/#author\",\"url\":\"https:\\\/\\\/www.encontraaricanduva.com.br\\\/sobre\\\/author\\\/earicanduva\\\/\",\"name\":\"Encontra Aricanduva\",\"image\":{\"@type\":\"ImageObject\",\"@id\":\"https:\\\/\\\/www.encontraaricanduva.com.br\\\/sobre\\\/subprefeitura-aricanduva-passa-a-contar-com-atendimento-especifico-para-deficientes-auditivos\\\/#authorImage\",\"url\":\"https:\\\/\\\/secure.gravatar.com\\\/avatar\\\/507340682b8270222e1f208e23198b6ae7e2c6a1033ae84e99bc6bce4f82a387?s=96&d=mm&r=g\",\"width\":96,\"height\":96,\"caption\":\"Encontra Aricanduva\"}},{\"@type\":\"WebPage\",\"@id\":\"https:\\\/\\\/www.encontraaricanduva.com.br\\\/sobre\\\/subprefeitura-aricanduva-passa-a-contar-com-atendimento-especifico-para-deficientes-auditivos\\\/#webpage\",\"url\":\"https:\\\/\\\/www.encontraaricanduva.com.br\\\/sobre\\\/subprefeitura-aricanduva-passa-a-contar-com-atendimento-especifico-para-deficientes-auditivos\\\/\",\"name\":\"Subprefeitura Aricanduva passa a contar com atendimento espec\\u00edfico para deficientes auditivos | Encontra Aricanduva\",\"description\":\"Todas as 31 Subprefeituras da cidade j\\u00e1 contam com atendimento exclusivo para deficientes auditivos em suas Pra\\u00e7as de Atendimento, atrav\\u00e9s de computadores equipados com webcam e atendentes capacitados na linguagem de Libras (L\\u00edngua Brasileira de Sinais). Uma parceria entre as secretarias de Coordena\\u00e7\\u00e3o das Subprefeituras e a Secretaria da Pessoa com Mobilidade Reduzida possibilitou as\",\"inLanguage\":\"pt-BR\",\"isPartOf\":{\"@id\":\"https:\\\/\\\/www.encontraaricanduva.com.br\\\/sobre\\\/#website\"},\"breadcrumb\":{\"@id\":\"https:\\\/\\\/www.encontraaricanduva.com.br\\\/sobre\\\/subprefeitura-aricanduva-passa-a-contar-com-atendimento-especifico-para-deficientes-auditivos\\\/#breadcrumblist\"},\"author\":{\"@id\":\"https:\\\/\\\/www.encontraaricanduva.com.br\\\/sobre\\\/author\\\/earicanduva\\\/#author\"},\"creator\":{\"@id\":\"https:\\\/\\\/www.encontraaricanduva.com.br\\\/sobre\\\/author\\\/earicanduva\\\/#author\"},\"datePublished\":\"2013-01-07T01:03:54+00:00\",\"dateModified\":\"2013-08-12T18:37:11+00:00\"},{\"@type\":\"WebSite\",\"@id\":\"https:\\\/\\\/www.encontraaricanduva.com.br\\\/sobre\\\/#website\",\"url\":\"https:\\\/\\\/www.encontraaricanduva.com.br\\\/sobre\\\/\",\"name\":\"Encontra Aricanduva\",\"description\":\"Not\\u00edcias, eventos, informa\\u00e7\\u00f5es e dicas no bairro do Aricanduva e regi\\u00e3o\",\"inLanguage\":\"pt-BR\",\"publisher\":{\"@id\":\"https:\\\/\\\/www.encontraaricanduva.com.br\\\/sobre\\\/#organization\"}}]}\n\t\t<\/script>\n\t\t<!-- All in One SEO -->\n\n","aioseo_head_json":{"title":"Subprefeitura Aricanduva passa a contar com atendimento espec\u00edfico para deficientes auditivos | Encontra Aricanduva","description":"Todas as 31 Subprefeituras da cidade j\u00e1 contam com atendimento exclusivo para deficientes auditivos em suas Pra\u00e7as de Atendimento, atrav\u00e9s de computadores equipados com webcam e atendentes capacitados na linguagem de Libras (L\u00edngua Brasileira de Sinais). Uma parceria entre as secretarias de Coordena\u00e7\u00e3o das Subprefeituras e a Secretaria da Pessoa com Mobilidade Reduzida possibilitou as","canonical_url":"https:\/\/www.encontraaricanduva.com.br\/sobre\/subprefeitura-aricanduva-passa-a-contar-com-atendimento-especifico-para-deficientes-auditivos\/","robots":"max-image-preview:large","keywords":"","webmasterTools":{"miscellaneous":""},"schema":{"@context":"https:\/\/schema.org","@graph":[{"@type":"Article","@id":"https:\/\/www.encontraaricanduva.com.br\/sobre\/subprefeitura-aricanduva-passa-a-contar-com-atendimento-especifico-para-deficientes-auditivos\/#article","name":"Subprefeitura Aricanduva passa a contar com atendimento espec\u00edfico para deficientes auditivos | Encontra Aricanduva","headline":"Subprefeitura Aricanduva passa a contar com atendimento espec\u00edfico para deficientes auditivos","author":{"@id":"https:\/\/www.encontraaricanduva.com.br\/sobre\/author\/earicanduva\/#author"},"publisher":{"@id":"https:\/\/www.encontraaricanduva.com.br\/sobre\/#organization"},"datePublished":"2013-01-07T01:03:54+00:00","dateModified":"2013-08-12T18:37:11+00:00","inLanguage":"pt-BR","mainEntityOfPage":{"@id":"https:\/\/www.encontraaricanduva.com.br\/sobre\/subprefeitura-aricanduva-passa-a-contar-com-atendimento-especifico-para-deficientes-auditivos\/#webpage"},"isPartOf":{"@id":"https:\/\/www.encontraaricanduva.com.br\/sobre\/subprefeitura-aricanduva-passa-a-contar-com-atendimento-especifico-para-deficientes-auditivos\/#webpage"},"articleSection":"Not\u00edcias Aricanduva"},{"@type":"BreadcrumbList","@id":"https:\/\/www.encontraaricanduva.com.br\/sobre\/subprefeitura-aricanduva-passa-a-contar-com-atendimento-especifico-para-deficientes-auditivos\/#breadcrumblist","itemListElement":[{"@type":"ListItem","@id":"https:\/\/www.encontraaricanduva.com.br\/sobre#listItem","position":1,"name":"Home","item":"https:\/\/www.encontraaricanduva.com.br\/sobre","nextItem":{"@type":"ListItem","@id":"https:\/\/www.encontraaricanduva.com.br\/sobre\/noticias-no-aricanduva\/#listItem","name":"Not\u00edcias Aricanduva"}},{"@type":"ListItem","@id":"https:\/\/www.encontraaricanduva.com.br\/sobre\/noticias-no-aricanduva\/#listItem","position":2,"name":"Not\u00edcias Aricanduva","item":"https:\/\/www.encontraaricanduva.com.br\/sobre\/noticias-no-aricanduva\/","nextItem":{"@type":"ListItem","@id":"https:\/\/www.encontraaricanduva.com.br\/sobre\/subprefeitura-aricanduva-passa-a-contar-com-atendimento-especifico-para-deficientes-auditivos\/#listItem","name":"Subprefeitura Aricanduva passa a contar com atendimento espec\u00edfico para deficientes auditivos"},"previousItem":{"@type":"ListItem","@id":"https:\/\/www.encontraaricanduva.com.br\/sobre#listItem","name":"Home"}},{"@type":"ListItem","@id":"https:\/\/www.encontraaricanduva.com.br\/sobre\/subprefeitura-aricanduva-passa-a-contar-com-atendimento-especifico-para-deficientes-auditivos\/#listItem","position":3,"name":"Subprefeitura Aricanduva passa a contar com atendimento espec\u00edfico para deficientes auditivos","previousItem":{"@type":"ListItem","@id":"https:\/\/www.encontraaricanduva.com.br\/sobre\/noticias-no-aricanduva\/#listItem","name":"Not\u00edcias Aricanduva"}}]},{"@type":"Organization","@id":"https:\/\/www.encontraaricanduva.com.br\/sobre\/#organization","name":"Encontra Aricanduva","description":"Not\u00edcias, eventos, informa\u00e7\u00f5es e dicas no bairro do Aricanduva e regi\u00e3o","url":"https:\/\/www.encontraaricanduva.com.br\/sobre\/"},{"@type":"Person","@id":"https:\/\/www.encontraaricanduva.com.br\/sobre\/author\/earicanduva\/#author","url":"https:\/\/www.encontraaricanduva.com.br\/sobre\/author\/earicanduva\/","name":"Encontra Aricanduva","image":{"@type":"ImageObject","@id":"https:\/\/www.encontraaricanduva.com.br\/sobre\/subprefeitura-aricanduva-passa-a-contar-com-atendimento-especifico-para-deficientes-auditivos\/#authorImage","url":"https:\/\/secure.gravatar.com\/avatar\/507340682b8270222e1f208e23198b6ae7e2c6a1033ae84e99bc6bce4f82a387?s=96&d=mm&r=g","width":96,"height":96,"caption":"Encontra Aricanduva"}},{"@type":"WebPage","@id":"https:\/\/www.encontraaricanduva.com.br\/sobre\/subprefeitura-aricanduva-passa-a-contar-com-atendimento-especifico-para-deficientes-auditivos\/#webpage","url":"https:\/\/www.encontraaricanduva.com.br\/sobre\/subprefeitura-aricanduva-passa-a-contar-com-atendimento-especifico-para-deficientes-auditivos\/","name":"Subprefeitura Aricanduva passa a contar com atendimento espec\u00edfico para deficientes auditivos | Encontra Aricanduva","description":"Todas as 31 Subprefeituras da cidade j\u00e1 contam com atendimento exclusivo para deficientes auditivos em suas Pra\u00e7as de Atendimento, atrav\u00e9s de computadores equipados com webcam e atendentes capacitados na linguagem de Libras (L\u00edngua Brasileira de Sinais). Uma parceria entre as secretarias de Coordena\u00e7\u00e3o das Subprefeituras e a Secretaria da Pessoa com Mobilidade Reduzida possibilitou as","inLanguage":"pt-BR","isPartOf":{"@id":"https:\/\/www.encontraaricanduva.com.br\/sobre\/#website"},"breadcrumb":{"@id":"https:\/\/www.encontraaricanduva.com.br\/sobre\/subprefeitura-aricanduva-passa-a-contar-com-atendimento-especifico-para-deficientes-auditivos\/#breadcrumblist"},"author":{"@id":"https:\/\/www.encontraaricanduva.com.br\/sobre\/author\/earicanduva\/#author"},"creator":{"@id":"https:\/\/www.encontraaricanduva.com.br\/sobre\/author\/earicanduva\/#author"},"datePublished":"2013-01-07T01:03:54+00:00","dateModified":"2013-08-12T18:37:11+00:00"},{"@type":"WebSite","@id":"https:\/\/www.encontraaricanduva.com.br\/sobre\/#website","url":"https:\/\/www.encontraaricanduva.com.br\/sobre\/","name":"Encontra Aricanduva","description":"Not\u00edcias, eventos, informa\u00e7\u00f5es e dicas no bairro do Aricanduva e regi\u00e3o","inLanguage":"pt-BR","publisher":{"@id":"https:\/\/www.encontraaricanduva.com.br\/sobre\/#organization"}}]},"og:locale":"pt_BR","og:site_name":"Encontra Aricanduva | Not\u00edcias, eventos, informa\u00e7\u00f5es e dicas no bairro do Aricanduva e regi\u00e3o","og:type":"article","og:title":"Subprefeitura Aricanduva passa a contar com atendimento espec\u00edfico para deficientes auditivos | Encontra Aricanduva","og:description":"Todas as 31 Subprefeituras da cidade j\u00e1 contam com atendimento exclusivo para deficientes auditivos em suas Pra\u00e7as de Atendimento, atrav\u00e9s de computadores equipados com webcam e atendentes capacitados na linguagem de Libras (L\u00edngua Brasileira de Sinais). Uma parceria entre as secretarias de Coordena\u00e7\u00e3o das Subprefeituras e a Secretaria da Pessoa com Mobilidade Reduzida possibilitou as","og:url":"https:\/\/www.encontraaricanduva.com.br\/sobre\/subprefeitura-aricanduva-passa-a-contar-com-atendimento-especifico-para-deficientes-auditivos\/","article:published_time":"2013-01-07T01:03:54+00:00","article:modified_time":"2013-08-12T18:37:11+00:00","twitter:card":"summary_large_image","twitter:title":"Subprefeitura Aricanduva passa a contar com atendimento espec\u00edfico para deficientes auditivos | Encontra Aricanduva","twitter:description":"Todas as 31 Subprefeituras da cidade j\u00e1 contam com atendimento exclusivo para deficientes auditivos em suas Pra\u00e7as de Atendimento, atrav\u00e9s de computadores equipados com webcam e atendentes capacitados na linguagem de Libras (L\u00edngua Brasileira de Sinais). Uma parceria entre as secretarias de Coordena\u00e7\u00e3o das Subprefeituras e a Secretaria da Pessoa com Mobilidade Reduzida possibilitou as"},"aioseo_meta_data":{"post_id":"1138","title":null,"description":null,"keywords":null,"keyphrases":null,"primary_term":null,"canonical_url":null,"og_title":null,"og_description":null,"og_object_type":"default","og_image_type":"default","og_image_url":null,"og_image_width":null,"og_image_height":null,"og_image_custom_url":null,"og_image_custom_fields":null,"og_video":null,"og_custom_url":null,"og_article_section":null,"og_article_tags":null,"twitter_use_og":false,"twitter_card":"default","twitter_image_type":"default","twitter_image_url":null,"twitter_image_custom_url":null,"twitter_image_custom_fields":null,"twitter_title":null,"twitter_description":null,"schema":{"blockGraphs":[],"customGraphs":[],"default":{"data":{"Article":[],"Course":[],"Dataset":[],"FAQPage":[],"Movie":[],"Person":[],"Product":[],"ProductReview":[],"Car":[],"Recipe":[],"Service":[],"SoftwareApplication":[],"WebPage":[]},"graphName":"Article","isEnabled":true},"graphs":[]},"schema_type":"default","schema_type_options":null,"pillar_content":false,"robots_default":true,"robots_noindex":false,"robots_noarchive":false,"robots_nosnippet":false,"robots_nofollow":false,"robots_noimageindex":false,"robots_noodp":false,"robots_notranslate":false,"robots_max_snippet":null,"robots_max_videopreview":null,"robots_max_imagepreview":"large","priority":null,"frequency":null,"local_seo":null,"breadcrumb_settings":null,"limit_modified_date":false,"ai":null,"created":"2024-08-15 21:37:21","updated":"2025-09-10 18:22:59","focus_keyword":null,"additional_keywords":null,"truseo_locale":null,"seo_analyzer_scan_date":null},"aioseo_breadcrumb":"<div class=\"aioseo-breadcrumbs\"><span class=\"aioseo-breadcrumb\">\n\t\t\t<a href=\"https:\/\/www.encontraaricanduva.com.br\/sobre\" title=\"Home\">Home<\/a>\n\t\t<\/span><span class=\"aioseo-breadcrumb-separator\">&raquo;<\/span><span class=\"aioseo-breadcrumb\">\n\t\t\t<a href=\"https:\/\/www.encontraaricanduva.com.br\/sobre\/noticias-no-aricanduva\/\" title=\"Not\u00edcias Aricanduva\">Not\u00edcias Aricanduva<\/a>\n\t\t<\/span><span class=\"aioseo-breadcrumb-separator\">&raquo;<\/span><span class=\"aioseo-breadcrumb\">\n\t\t\tSubprefeitura Aricanduva passa a contar com atendimento espec\u00edfico para deficientes auditivos\n\t\t<\/span><\/div>","aioseo_breadcrumb_json":[{"label":"Home","link":"https:\/\/www.encontraaricanduva.com.br\/sobre"},{"label":"Not\u00edcias Aricanduva","link":"https:\/\/www.encontraaricanduva.com.br\/sobre\/noticias-no-aricanduva\/"},{"label":"Subprefeitura Aricanduva passa a contar com atendimento espec\u00edfico para deficientes auditivos","link":"https:\/\/www.encontraaricanduva.com.br\/sobre\/subprefeitura-aricanduva-passa-a-contar-com-atendimento-especifico-para-deficientes-auditivos\/"}],"_links":{"self":[{"href":"https:\/\/www.encontraaricanduva.com.br\/sobre\/wp-json\/wp\/v2\/posts\/1138","targetHints":{"allow":["GET"]}}],"collection":[{"href":"https:\/\/www.encontraaricanduva.com.br\/sobre\/wp-json\/wp\/v2\/posts"}],"about":[{"href":"https:\/\/www.encontraaricanduva.com.br\/sobre\/wp-json\/wp\/v2\/types\/post"}],"author":[{"embeddable":true,"href":"https:\/\/www.encontraaricanduva.com.br\/sobre\/wp-json\/wp\/v2\/users\/1"}],"replies":[{"embeddable":true,"href":"https:\/\/www.encontraaricanduva.com.br\/sobre\/wp-json\/wp\/v2\/comments?post=1138"}],"version-history":[{"count":0,"href":"https:\/\/www.encontraaricanduva.com.br\/sobre\/wp-json\/wp\/v2\/posts\/1138\/revisions"}],"wp:attachment":[{"href":"https:\/\/www.encontraaricanduva.com.br\/sobre\/wp-json\/wp\/v2\/media?parent=1138"}],"wp:term":[{"taxonomy":"category","embeddable":true,"href":"https:\/\/www.encontraaricanduva.com.br\/sobre\/wp-json\/wp\/v2\/categories?post=1138"},{"taxonomy":"post_tag","embeddable":true,"href":"https:\/\/www.encontraaricanduva.com.br\/sobre\/wp-json\/wp\/v2\/tags?post=1138"}],"curies":[{"name":"wp","href":"https:\/\/api.w.org\/{rel}","templated":true}]}}